{"id":6503,"date":"2024-12-11T20:53:19","date_gmt":"2024-12-11T20:53:19","guid":{"rendered":"https:\/\/guianatura.net\/?p=6503"},"modified":"2025-02-28T09:02:51","modified_gmt":"2025-02-28T09:02:51","slug":"inchallah_etape2","status":"publish","type":"post","link":"https:\/\/guianatura.net\/fr\/inchallah_etape2\/","title":{"rendered":"Inch&rsquo;Allah, le retour"},"content":{"rendered":"<div id=\"pl-6503\"  class=\"panel-layout\" ><div id=\"pg-6503-0\"  class=\"panel-grid panel-no-style\" ><div id=\"pgc-6503-0-0\"  class=\"panel-grid-cell\" ><div id=\"panel-6503-0-0-0\" class=\"so-panel widget widget_sow-headline panel-first-child panel-last-child\" data-index=\"0\" ><div\n\t\t\t\n\t\t\tclass=\"so-widget-sow-headline so-widget-sow-headline-default-b2187095d7db-6503\"\n\t\t\t\n\t\t><div class=\"sow-headline-container \">\n\t<h1 class='sow-headline'>Inch'Allah, le retour<\/h1><h4 class='sow-sub-headline'>Un retour mouvement\u00e9 pour un capitaine amarin\u00e9<\/h4><\/div><\/div><\/div><\/div><\/div><div id=\"pg-6503-1\"  class=\"panel-grid panel-no-style\" ><div id=\"pgc-6503-1-0\"  class=\"panel-grid-cell\" ><div id=\"panel-6503-1-0-0\" class=\"so-panel widget widget_sow-editor panel-first-child panel-last-child\" data-index=\"1\" ><div\n\t\t\t\n\t\t\tclass=\"so-widget-sow-editor so-widget-sow-editor-base\"\n\t\t\t\n\t\t>\n<div class=\"siteorigin-widget-tinymce textwidget\">\n\t<p>\u00c0 notre arriv\u00e9e dans la marina d\u2019Agadir le mercredi 16 octobre, apr\u00e8s qu'ils nous aient aid\u00e9s \u00e0 amarrer le bateau, les marins du port nous ont dit que nous devions attendre la pr\u00e9sence des autorit\u00e9s avant de pouvoir d\u00e9barquer. Lorsque nous avons compris que nous allions attendre encore longtemps avant de voir arriver quelqu'un, Nadine a d\u00e9cid\u00e9 de pr\u00e9parer le d\u00e9jeuner. En effet, la patience est une vertu qui se travaille sur le continent afrcain ou, du moins, si vous ne l'apprenez pas, vous aurez des difficult\u00e9s.<br \/>\nDans l'heure qui suivit, 4 repr\u00e9sentants de diff\u00e9rentes administrations marocaines arriv\u00e8rent \u00e0 bord : Douanes, Police Royale, Gendarmerie Royale. Ils nous ont demand\u00e9 nos passeports et chacun les a pris en photo avec son t\u00e9l\u00e9phone portable. Nous avons \u00e9galement d\u00fb r\u00e9pondre \u00e0 un questionnaire sur notre situation professionnelle, la raison de notre voyage, notre lieu d'origine et de destination. A la fin de l'inspection du bateau, ils ont pris nos documents, indiquant qu'ils allaient tamponner notre entr\u00e9e sur le territoire du Royaume du Maroc.<\/p>\n<p>Pendant que nous attendions leur arriv\u00e9e, Jacques a inspect\u00e9 le pont. Une jeune femme fran\u00e7aise accompagn\u00e9e de son enfant s'est arr\u00eat\u00e9e pour nous saluer lorsqu'elle a vu que le bateau battait pavillon fran\u00e7ais. Elle nous a indiqu\u00e9 qu'avec ses deux enfants et son mari, ils partaient un peu plus tard dans la journ\u00e9e pour se rendre aux Canaries. Comme, \u00e0 l'aller, j'avais d\u00e9clar\u00e9 \u00e0 bord que si je trouvais un bateau pour retourner vers les \u00eeles, je monterais \u00e0 bord, Jacques lui a dit qu'il avait un bon marin s'ils voulaient quelqu'un \u00e0 bord pour les aider. La femme a r\u00e9pondu qu'elle pr\u00e9f\u00e9rait rester avec sa famille mais qu'un autre bateau partait ce jour-l\u00e0, le bateau de Youssef.<\/p>\n<\/div>\n<\/div><\/div><\/div><\/div><div id=\"pg-6503-2\"  class=\"panel-grid panel-no-style\" ><div id=\"pgc-6503-2-0\"  class=\"panel-grid-cell\" ><div id=\"panel-6503-2-0-0\" class=\"so-panel widget widget_sow-image panel-first-child panel-last-child\" data-index=\"2\" ><div\n\t\t\t\n\t\t\tclass=\"so-widget-sow-image so-widget-sow-image-default-d6014b76747a-6503\"\n\t\t\t\n\t\t>\n\n<div class=\"sow-image-container\">\n\t\t<img src=\"https:\/\/guianatura.net\/wp-content\/uploads\/2024\/12\/Alhambra.-Island-Packet-370-scaled.jpg\" width=\"2560\" height=\"1442\" srcset=\"https:\/\/guianatura.net\/wp-content\/uploads\/2024\/12\/Alhambra.-Island-Packet-370-scaled.jpg 2560w, https:\/\/guianatura.net\/wp-content\/uploads\/2024\/12\/Alhambra.-Island-Packet-370-300x169.jpg 300w, https:\/\/guianatura.net\/wp-content\/uploads\/2024\/12\/Alhambra.-Island-Packet-370-1024x577.jpg 1024w, https:\/\/guianatura.net\/wp-content\/uploads\/2024\/12\/Alhambra.-Island-Packet-370-768x432.jpg 768w, https:\/\/guianatura.net\/wp-content\/uploads\/2024\/12\/Alhambra.-Island-Packet-370-1536x865.jpg 1536w, https:\/\/guianatura.net\/wp-content\/uploads\/2024\/12\/Alhambra.-Island-Packet-370-2048x1153.jpg 2048w\" sizes=\"(max-width: 2560px) 100vw, 2560px\" title=\"Voilier Island Packet 370\" alt=\"Velero\" \t\tclass=\"so-widget-image\"\/>\n\t<\/div>\n\n<\/div><\/div><\/div><\/div><div id=\"pg-6503-3\"  class=\"panel-grid panel-no-style\" ><div id=\"pgc-6503-3-0\"  class=\"panel-grid-cell\" ><div id=\"panel-6503-3-0-0\" class=\"so-panel widget widget_sow-editor panel-first-child panel-last-child\" data-index=\"3\" ><div\n\t\t\t\n\t\t\tclass=\"so-widget-sow-editor so-widget-sow-editor-base\"\n\t\t\t\n\t\t><h3 class=\"widget-title\">Alhambra, pour un nouveau d\u00e9part<\/h3>\n<div class=\"siteorigin-widget-tinymce textwidget\">\n\t<p>Nous nous sommes approch\u00e9s de l'\u00ab <a href=\"https:\/\/ipy.com\/\" rel=\"noopener\" target=\"_blank\">Island Packet<\/a> 370 \u00bb, \u00e0 bord duquel se trouvaient deux personnes. La jeune femme nous a dit qu'elle n'\u00e9tait pas la propri\u00e9taire du bateau mais qu'elle et son compagnon allaient faire la travers\u00e9e. Lorsque le capitaine marocain de nationalit\u00e9 des \u00c9tats-Unis est apparu et que nous lui avons demand\u00e9 s'il \u00e9tait int\u00e9ress\u00e9 par la pr\u00e9sence d'un marin \u00e0 bord, il nous a r\u00e9pondu : \"Eh bien, nous serons quatre\". C'\u00e9tait l'occasion de repartir pour un autre voyage \u00e0 la voile. Le capitaine a indiqu\u00e9 qu'il partait dans la foul\u00e9e. J'\u00e9tais emball\u00e9 et nous sommes partis \u00e0 la recherche des autorit\u00e9s qui \u00e9taient encore dans la zone avec nos papiers pour leur demander si je pouvais partir avec ce bateau. Ils ont approuv\u00e9 et nous ont demand\u00e9 d'attendre leur retour avec les documents. Comme le couple de jeunes fran\u00e7ais qui \u00e9taient d\u00e9j\u00e0 \u00e0 bord attendait aussi leurs passeports, le capitaine Youssef a accept\u00e9.<\/p>\n<p>Je suis retourn\u00e9 au 'Dufour 425' pour pr\u00e9parer mon sac \u00e0 dos. En partant de chez moi \u00e0 Tenerife, je pensais rester quelques jours au Maroc pour d\u00e9couvrir le pays, ses habitants et sa faune. Pour cela j\u2019avais pr\u00e9par\u00e9 un sac \u00e0 dos l\u00e9ger en pensant \u00e0 prendre mes jumelles pour observer les oiseaux. Elles m\u2019auront servies pour observer la faune lors de la travers\u00e9e. Maintenant, je devais repousser mon plan de d\u00e9couverte de cette terre inconnue pour une autre p\u00e9riode de ma vie. Je reviendrai.<\/p>\n<p>J\u2019ai accept\u00e9 quelques derniers pr\u00e9sents de Nadine (deux sachets de biscuits secs sal\u00e9s, une petite portion d\u2019omelette et des galettes de La Gomera) dont deux pommes que j\u2019ai oubli\u00e9es dans un coin dans l\u2019euphorie du d\u00e9part. J\u2019ai aussi laiss\u00e9 ma cr\u00e8me solaire.<br \/>\nEn arrivant \u00e0 l\u2019embarquement \u00e0 bord du bateau de Youssef, je pose mon sac \u00e0 dos au sol et le pr\u00e9sente au douanier afin qu\u2019il proc\u00e8de au contr\u00f4le. Il me demande : \u201cCe sont des affaires personnelles ?\u201d Quand je lui confirme, il me dit que je peux l\u2019embarquer. Une fois \u00e0 bord, c\u2019est le capitaine du navire le responsable de ce qui se trouve dans son bateau. <\/p>\n<\/div>\n<\/div><\/div><\/div><\/div><div id=\"pg-6503-4\"  class=\"panel-grid panel-no-style\" ><div id=\"pgc-6503-4-0\"  class=\"panel-grid-cell panel-grid-cell-empty\" ><\/div><div id=\"pgc-6503-4-1\"  class=\"panel-grid-cell panel-grid-cell-mobile-last\" ><div id=\"panel-6503-4-1-0\" class=\"so-panel widget widget_sow-image panel-first-child panel-last-child\" data-index=\"4\" ><div\n\t\t\t\n\t\t\tclass=\"so-widget-sow-image so-widget-sow-image-default-d6014b76747a-6503\"\n\t\t\t\n\t\t>\n\n<div class=\"sow-image-container\">\n\t\t<img src=\"https:\/\/guianatura.net\/wp-content\/uploads\/2024\/12\/a-bord-de-lAlhambra.jpg\" width=\"1200\" height=\"1600\" srcset=\"https:\/\/guianatura.net\/wp-content\/uploads\/2024\/12\/a-bord-de-lAlhambra.jpg 1200w, https:\/\/guianatura.net\/wp-content\/uploads\/2024\/12\/a-bord-de-lAlhambra-225x300.jpg 225w, https:\/\/guianatura.net\/wp-content\/uploads\/2024\/12\/a-bord-de-lAlhambra-768x1024.jpg 768w, https:\/\/guianatura.net\/wp-content\/uploads\/2024\/12\/a-bord-de-lAlhambra-1152x1536.jpg 1152w\" sizes=\"(max-width: 1200px) 100vw, 1200px\" title=\"J&#039;embarque sur un autre voilier\" alt=\"Alhambra\" \t\tclass=\"so-widget-image\"\/>\n\t<\/div>\n\n<\/div><\/div><\/div><div id=\"pgc-6503-4-2\"  class=\"panel-grid-cell panel-grid-cell-empty\" ><\/div><\/div><div id=\"pg-6503-5\"  class=\"panel-grid panel-no-style\" ><div id=\"pgc-6503-5-0\"  class=\"panel-grid-cell\" ><div id=\"panel-6503-5-0-0\" class=\"so-panel widget widget_sow-editor panel-first-child panel-last-child\" data-index=\"5\" ><div\n\t\t\t\n\t\t\tclass=\"so-widget-sow-editor so-widget-sow-editor-base\"\n\t\t\t\n\t\t>\n<div class=\"siteorigin-widget-tinymce textwidget\">\n\t<blockquote style=\"border-color: #85a657;\"><p>\u00ab\u00c0 ce moment, j'ai confi\u00e9 en l'euphorie du d\u00e9part et le fait qu'un autre voilier avec des enfants prenait le m\u00eame cap.\u00bb<\/p><\/blockquote>\n<\/div>\n<\/div><\/div><\/div><\/div><div id=\"pg-6503-6\"  class=\"panel-grid panel-no-style\" ><div id=\"pgc-6503-6-0\"  class=\"panel-grid-cell\" ><div id=\"panel-6503-6-0-0\" class=\"so-panel widget widget_sow-editor panel-first-child panel-last-child\" data-index=\"6\" ><div\n\t\t\t\n\t\t\tclass=\"so-widget-sow-editor so-widget-sow-editor-base\"\n\t\t\t\n\t\t><h3 class=\"widget-title\">Ma plus courte escale<\/h3>\n<div class=\"siteorigin-widget-tinymce textwidget\">\n\t<p>Le capitaine Youssef me donne l\u2019autorisation de prendre une douche avant le d\u00e9part, en attendant que les passeports nous soient remis. La seule chose que j\u2019ai pu voir et sentir d\u2019Agadir est la douche de la marina. Mon pr\u00e9c\u00e9dent capitaine m\u2019a fait remarquer que j\u2019aurais peut-\u00eatre le record de l\u2019escale la plus courte \u00e0 Agadir.<br \/>\nApr\u00e8s avoir embrass\u00e9 mes chers amis Nadine et Jacques, j\u2019ai embarqu\u00e9. Ensuite, nous avons largu\u00e9 les amarres vers 16h00 et pris le large vers une aventure inattendue.<\/p>\n<\/div>\n<\/div><\/div><\/div><\/div><div id=\"pg-6503-7\"  class=\"panel-grid panel-no-style\" ><div id=\"pgc-6503-7-0\"  class=\"panel-grid-cell\" ><div id=\"panel-6503-7-0-0\" class=\"so-panel widget widget_sow-image panel-first-child panel-last-child\" data-index=\"7\" ><div\n\t\t\t\n\t\t\tclass=\"so-widget-sow-image so-widget-sow-image-default-d6014b76747a-6503\"\n\t\t\t\n\t\t>\n\n<div class=\"sow-image-container\">\n\t\t<img src=\"https:\/\/guianatura.net\/wp-content\/uploads\/2024\/12\/Depart-avec-lAlhambra.jpg\" width=\"1600\" height=\"1200\" srcset=\"https:\/\/guianatura.net\/wp-content\/uploads\/2024\/12\/Depart-avec-lAlhambra.jpg 1600w, https:\/\/guianatura.net\/wp-content\/uploads\/2024\/12\/Depart-avec-lAlhambra-300x225.jpg 300w, https:\/\/guianatura.net\/wp-content\/uploads\/2024\/12\/Depart-avec-lAlhambra-1024x768.jpg 1024w, https:\/\/guianatura.net\/wp-content\/uploads\/2024\/12\/Depart-avec-lAlhambra-768x576.jpg 768w, https:\/\/guianatura.net\/wp-content\/uploads\/2024\/12\/Depart-avec-lAlhambra-1536x1152.jpg 1536w\" sizes=\"(max-width: 1600px) 100vw, 1600px\" title=\"Nous largons les amarres\" alt=\"notre d\u00e9part\" \t\tclass=\"so-widget-image\"\/>\n\t<\/div>\n\n<\/div><\/div><\/div><\/div><div id=\"pg-6503-8\"  class=\"panel-grid panel-no-style\" ><div id=\"pgc-6503-8-0\"  class=\"panel-grid-cell\" ><div id=\"panel-6503-8-0-0\" class=\"so-panel widget widget_sow-editor panel-first-child panel-last-child\" data-index=\"8\" ><div\n\t\t\t\n\t\t\tclass=\"so-widget-sow-editor so-widget-sow-editor-base\"\n\t\t\t\n\t\t><h3 class=\"widget-title\">Une nouvelle organisation<\/h3>\n<div class=\"siteorigin-widget-tinymce textwidget\">\n\t<p>Deux heures apr\u00e8s une premi\u00e8re partie de la navigation au moteur, je propose \u00e0 Youssef de prendre la barre et c\u2019est alors que je me rends compte que son pilote automatique ne fonctionne pas. Cet \u00e9l\u00e9ment est essentiel afin de permettre \u00e0 la personne aux commandes de pouvoir se d\u00e9dier \u00e0 d\u2019autres choses que de maintenir le cap en tenant la barre. Il me dit alors: \u201cNe t\u2019inqui\u00e8te pas, je vais arranger \u00e7a.\u201d (\u201cDon\u2019t worry, I will fix it\u201d car il parlait anglais).<br \/>\nAfin d\u2019arranger le probl\u00e8me, il commence \u00e0 toucher tous les boutons \u00e0 le recherche de la panne\u2026 Malgr\u00e9 de longues minutes \u00e0 essayer le mettre le pilote automatique en marche, il se trouve que :<\/p>\n<ul>\n<li>Le pilote indique un cap avec une d\u00e9viation de 30\u00baC par rapport au compas \u00e0 bord. Pour le coup, ce n\u2019est qu\u2019un petit d\u00e9sagr\u00e9ment qui permettrait de maintenir un cap, mais\u2026 ;<\/li>\n<\/ul>\n<ul>\n<li>En laissant fonctionner le pilote \u00e0 l\u2019essai, je me rends compte que, petit \u00e0 petit, il se d\u00e9vie de sa route. Cela nous oblige \u00e0 corriger +10\u00ba ou -10\u00ba chaque instant en gardant l'\u0153il sur le compas.<\/li>\n<\/ul>\n<p>Cela ne faisait que commencer. Pendant tout le reste de la travers\u00e9e, nous n\u2019avons pas eu de pilote automatique fiable, nous obligeant \u00e0 tenir la barre pendant des heures et des heures. En effet, afin de ne pas fatiguer le m\u00e9canisme, il est pr\u00e9f\u00e9rable de le laisser se reposer. Ce que je faisais r\u00e9guli\u00e8rement.<\/p>\n<\/div>\n<\/div><\/div><\/div><\/div><div id=\"pg-6503-9\"  class=\"panel-grid panel-no-style\" ><div id=\"pgc-6503-9-0\"  class=\"panel-grid-cell\" ><div id=\"panel-6503-9-0-0\" class=\"so-panel widget widget_sow-editor panel-first-child panel-last-child\" data-index=\"9\" ><div\n\t\t\t\n\t\t\tclass=\"so-widget-sow-editor so-widget-sow-editor-base\"\n\t\t\t\n\t\t>\n<div class=\"siteorigin-widget-tinymce textwidget\">\n\t<blockquote style=\"border-color: #85a657;\"><p>En discutant avec le capitaine, j\u2019apprends qu\u2019il a achet\u00e9 son bateau aux \u00c9tats-Unis et qu\u2019un ami lui a convoy\u00e9 le voilier jusqu\u2019\u00e0 Agadir. Au vu du manque de professionnalisme des marocains, il pr\u00e9f\u00e9rait convoyer son bateau \u00e0 Arrecife pour le remettre \u00e0 point. C\u2019\u00e9tait cette travers\u00e9e que nous effectuions.<\/p><\/blockquote>\n<\/div>\n<\/div><\/div><\/div><\/div><div id=\"pg-6503-10\"  class=\"panel-grid panel-no-style\" ><div id=\"pgc-6503-10-0\"  class=\"panel-grid-cell\" ><div id=\"panel-6503-10-0-0\" class=\"so-panel widget widget_sow-editor panel-first-child panel-last-child\" data-index=\"10\" ><div\n\t\t\t\n\t\t\tclass=\"so-widget-sow-editor so-widget-sow-editor-base\"\n\t\t\t\n\t\t>\n<div class=\"siteorigin-widget-tinymce textwidget\">\n\t<p>Pour nous orienter, Youssef me pr\u00e9sente une tablette flambant neuve sur laquelle est t\u00e9l\u00e9charg\u00e9e l\u2019application \u2018Navionics\u2019 de Garmin. Celle-ci permet d\u2019avoir une carte marine d\u00e9taill\u00e9e et, gr\u00e2ce au GPS de la tablette, nous avons notre position, les donn\u00e9es de vitesse et la position d\u2019autres bateaux environnant qui ont leur AIS en marche. Le n\u00f4tre fonctionne bien semble-t-il.<\/p>\n<p>Quand j\u2019ai embarqu\u00e9 \u00e0 Agadir, une des premi\u00e8res questions au capitaine a \u00e9t\u00e9 de conna\u00eetre les tours de quart pour cette travers\u00e9e. Alors que je lui expliquais que nous \u00e9tions organis\u00e9 en quarts de 2 heures sur la navigation depuis La Gomera, il me r\u00e9pondit : \u201cBah, deux heures, trois heures, voire plus si besoin. Celui qui a besoin de se reposer, qu\u2019il se repose.\u201d Par ailleurs, le capitaine me communiqua qu\u2019\u00e9tant donn\u00e9 l\u2019inexp\u00e9rience des deux autres membres d\u2019\u00e9quipage, nous allions partager les quarts entre deux, avec l\u2019un d\u2019entre eux \u00e0 nos c\u00f4t\u00e9s. \u00c0 ce moment, je me suis dit: \u201cd\u2019accord, une nouvelle fa\u00e7on de s\u2019organiser, je m\u2019adapterai\u201d. <\/p>\n<\/div>\n<\/div><\/div><\/div><\/div><div id=\"pg-6503-11\"  class=\"panel-grid panel-no-style\" ><div id=\"pgc-6503-11-0\"  class=\"panel-grid-cell\" ><div id=\"panel-6503-11-0-0\" class=\"so-panel widget widget_sow-editor panel-first-child panel-last-child\" data-index=\"11\" ><div\n\t\t\t\n\t\t\tclass=\"so-widget-sow-editor so-widget-sow-editor-base\"\n\t\t\t\n\t\t><h3 class=\"widget-title\">Un d\u00e9but chaotique<\/h3>\n<div class=\"siteorigin-widget-tinymce textwidget\">\n\t<p>\u00c0 19h00, Youssef me propose d\u2019aller me reposer avant de prendre mon quart de nuit. Je me suis alors rendu dans la cabine de proue que nous allions partager avec le capitaine. Ce fut 1 heure de sieste \u00e9veill\u00e9e dans des conditions de mer l\u00e9g\u00e8rement agit\u00e9e, en ayant le cerveau bien mouvement\u00e9 par les premiers doutes de la travers\u00e9e : un bateau, un capitaine et un \u00e9quipage que je ne connaissais pas. Rapidement, je suis retourn\u00e9 au cockpit pour me sentir \u00e0 l\u2019aise. Avant le coucher du soleil, j\u2019ai propos\u00e9 d\u2019utiliser exclusivement les voiles et nous avons essay\u00e9 avec le peu de vent qui soufflait mais nous n\u2019allions pas \u00e0 assez vive allure selon le capitaine. Nous avons continu\u00e9 plusieurs heures au moteur, cap sur Arrecife.<\/p>\n<p>Ce n\u2019est que 3 heures apr\u00e8s que je retourne me reposer pour une sieste mouvement\u00e9e car les conditions de mer ont augment\u00e9, les vagues sont plus fortes et le temps pass\u00e9 dans la cabine avant est un va-et-vient r\u00e9gulier qui me balance dans tous les sens. Je remontais r\u00e9guli\u00e8rement sur le pont pour prendre l\u2019air et retournais essayer de me reposer mais ce n\u2019\u00e9tait pas facile car le bateau g\u00eetait d\u2019un bord \u00e0 l\u2019autre. <\/p>\n<p>Apr\u00e8s avoir tent\u00e9 deux heures de repos, de nouveau sur le pont, \u00e0 01h21 nous pouvons enfin arr\u00eater le moteur et naviguer \u00e0 la voile car le vent a forci et nous avan\u00e7ons entre 6 et 8 n\u0153uds selon la tablette. \u00c0 cette allure, en continuant le m\u00eame cap, en regardant la carte le jeudi 17 \u00e0 03h00, la conclusion est que nous devrions arriver \u00e0 Arrecife le vendredi 18 vers 9h00. Cela fait pr\u00e8s de 2 heures que je suis au commandes et Youssef n\u2019appara\u00eetra qu\u2019une heure plus tard. <\/p>\n<p>Jusque l\u00e0, il m\u2019avait offert quelques galettes d\u2019avoine et de fruits secs. En ouvrant le r\u00e9frig\u00e9rateur du bateau dans mes allers-retours \u00e0 la cabine de repos, je m\u2019\u00e9tais rendu compte qu\u2019il \u00e9tait vide et, \u00e0 ce moment, j\u2019avais une faim qui se faisait sentir depuis quelque temps. En demandant \u00e0 Youssef de quoi manger, il me pr\u00e9pare un wrap fourr\u00e9 d\u2019une salade de l\u00e9gumes qu\u2019avait pr\u00e9par\u00e9 la jeune femme Emma. Elle avait le go\u00fbt exquis de cette nourriture qu\u2019il vous manque quand vous \u00eates au bord du manque d'\u00e9nergie. Apr\u00e8s avoir repris des forces, je suis retourn\u00e9 me coucher vers 05h20 pour un bon repos jusqu\u2019\u00e0 07h00. Il semble que je m\u2019\u00e9tais habitu\u00e9 au rythme de 2 heures. Youssef, lui, appara\u00eet apr\u00e8s 3 \u00e0 4 heures de repos. <\/p>\n<\/div>\n<\/div><\/div><\/div><\/div><div id=\"pg-6503-12\"  class=\"panel-grid panel-no-style\" ><div id=\"pgc-6503-12-0\"  class=\"panel-grid-cell\" ><div id=\"panel-6503-12-0-0\" class=\"so-panel widget widget_sow-layout-slider panel-first-child panel-last-child\" data-index=\"12\" ><div\n\t\t\t\n\t\t\tclass=\"so-widget-sow-layout-slider so-widget-sow-layout-slider-default-6c7c6e546b59-6503\"\n\t\t\t\n\t\t><div class=\"sow-slider-base\" style=\"display: none\"><ul\n\t\t\t\t\tclass=\"sow-slider-images\"\n\t\t\t\t\tdata-settings=\"{&quot;pagination&quot;:true,&quot;speed&quot;:2000,&quot;timeout&quot;:1000,&quot;paused&quot;:false,&quot;pause_on_hover&quot;:true,&quot;swipe&quot;:true,&quot;nav_always_show_desktop&quot;:&quot;&quot;,&quot;nav_always_show_mobile&quot;:&quot;&quot;,&quot;breakpoint&quot;:&quot;780px&quot;,&quot;unmute&quot;:false,&quot;anchor&quot;:null}\"\n\t\t\t\t\tstyle=\"min-height: 650px\"\t\t\t\t\tdata-anchor-id=\"\"\n\t\t\t\t>\t\t<li class=\"sow-slider-image  sow-slider-image-cover\" style=\"background-color: #333333;background-image: url(https:\/\/guianatura.net\/wp-content\/uploads\/2024\/12\/Aube-scaled.jpg)\" >\n\t\t\t\t\t<div class=\"sow-slider-image-container\">\n\t\t\t<div class=\"sow-slider-image-wrapper\">\n\t\t\t\t\t\t\t<\/div>\n\t\t<\/div>\n\t\t\t\t<\/li>\n\t\t\t\t<li class=\"sow-slider-image  sow-slider-image-cover\" style=\"background-color: #333333;background-image: url(https:\/\/guianatura.net\/wp-content\/uploads\/2024\/12\/Lever-de-soleil-scaled.jpg)\" >\n\t\t\t\t\t<div class=\"sow-slider-image-container\">\n\t\t\t<div class=\"sow-slider-image-wrapper\">\n\t\t\t\t\t\t\t<\/div>\n\t\t<\/div>\n\t\t\t\t<\/li>\n\t\t<\/ul>\t\t\t\t<ol class=\"sow-slider-pagination\">\n\t\t\t\t\t\t\t\t\t\t\t<li><a href=\"#\" data-goto=\"0\" aria-label=\"afficher la diapositive 1\"><\/a><\/li>\n\t\t\t\t\t\t\t\t\t\t\t<li><a href=\"#\" data-goto=\"1\" aria-label=\"afficher la diapositive 2\"><\/a><\/li>\n\t\t\t\t\t\t\t\t\t<\/ol>\n\n\t\t\t\t<div class=\"sow-slide-nav sow-slide-nav-next\">\n\t\t\t\t\t<a href=\"#\" data-goto=\"next\" aria-label=\"diapositive suivante\" data-action=\"next\">\n\t\t\t\t\t\t<em class=\"sow-sld-icon-thin-right\"><\/em>\n\t\t\t\t\t<\/a>\n\t\t\t\t<\/div>\n\n\t\t\t\t<div class=\"sow-slide-nav sow-slide-nav-prev\">\n\t\t\t\t\t<a href=\"#\" data-goto=\"previous\" aria-label=\"diapositive pr\u00e9c\u00e9dente\" data-action=\"prev\">\n\t\t\t\t\t\t<em class=\"sow-sld-icon-thin-left\"><\/em>\n\t\t\t\t\t<\/a>\n\t\t\t\t<\/div>\n\t\t\t\t<\/div><\/div><\/div><\/div><\/div><div id=\"pg-6503-13\"  class=\"panel-grid panel-no-style\" ><div id=\"pgc-6503-13-0\"  class=\"panel-grid-cell\" ><div id=\"panel-6503-13-0-0\" class=\"so-panel widget widget_media_video panel-first-child panel-last-child\" data-index=\"13\" ><h3 class=\"widget-title\">Ma premi\u00e8re matin\u00e9e \u00e0 bord de l&rsquo;Alhambra<\/h3><div style=\"width:100%;\" class=\"wp-video\"><!--[if lt IE 9]><script>document.createElement('video');<\/script><![endif]-->\n<video class=\"wp-video-shortcode\" id=\"video-6503-1\" preload=\"metadata\" controls=\"controls\"><source type=\"video\/youtube\" src=\"https:\/\/youtu.be\/o9liwfF3wa8?_=1\" \/><a href=\"https:\/\/youtu.be\/o9liwfF3wa8\">https:\/\/youtu.be\/o9liwfF3wa8<\/a><\/video><\/div><\/div><\/div><\/div><div id=\"pg-6503-14\"  class=\"panel-grid panel-no-style\" ><div id=\"pgc-6503-14-0\"  class=\"panel-grid-cell\" ><div id=\"panel-6503-14-0-0\" class=\"so-panel widget widget_sow-editor panel-first-child panel-last-child\" data-index=\"14\" ><div\n\t\t\t\n\t\t\tclass=\"so-widget-sow-editor so-widget-sow-editor-base\"\n\t\t\t\n\t\t><h3 class=\"widget-title\">Secou\u00e9s par la mer<\/h3>\n<div class=\"siteorigin-widget-tinymce textwidget\">\n\t<p>\u00c0 10h18 je mets alors mon alarme \u00e0 13h30 en pensant que je pourrais faire un bon somme. Malheureusement, la mer est encore plus forte et Youssef a pris un cap qui nous fait balloter dans tous les sens. \u00c0 11h22 je remonte sur le pont pour voir comment il va et je d\u00e9couvre qu\u2019il prend plaisir aux mouvements chaotiques du bateau. Je reprend un peu le sommeil mais \u00e0 12h36 je ne peux plus dormir \u00e0 cause du chahut du bateau dans les vagues et les forts mouvements incessants qui sont, selon un message que j\u2019\u00e9cris: \u201cmieux que les montagnes russes\u201d.<\/p>\n<p>Par ailleurs, j\u2019entendais Emma qui expulsait tout ce qu\u2019elle avait bu et mang\u00e9. Avec Quentin, venant tous les deux du Cantal, ils n\u2019avaient jamais connu ce type de conditions de mer. Lui semblait aller de mieux en mieux, m\u00eame si pendant les 24 premi\u00e8res heures de navigation, aucun des deux n\u2019\u00e9tait apparu longtemps sur le pont. Par contre, la pauvre femme n\u2019avait vraiment pas bonne mine quand je lui demandais si \u00e7a allait et qu\u2019elle me r\u00e9pondit avec ce petit sourir que nous donnons pour \u00eatre aimable : \u201c\u00c7a va, j\u2019ai juste vomi un peu\u201d.<\/p>\n<p>En regardant Youssef, je me rends compte qu\u2019il est obnubil\u00e9 par le fait d\u2019arriver rapidement \u00e0 destination et il me le confirme de vive voix en me disant: \u201cJe veux arriver \u00e0 Arrecife avant midi demain.\u201d C\u2019est alors que je lui propose de prendre la barre pour qu\u2019il se repose. Il acc\u00e8de.<\/p>\n<p>Une fois aux commandes, je sens que le bateau a des mouvements brusques \u00e0 cause des \u00e9normes vagues qui arrivent de c\u00f4t\u00e9 par tribord. Je d\u00e9cide alors de changer et de descendre plus au sud pour recevoir les vagues par la poupe et nous mettre vent arri\u00e8re. Gr\u00e2ce \u00e0 ce changement, le bateau se relaxe et nous ne ressentons plus autant ces mouvements impressionnants. Quentin et Emma restent avec moi sur le pont. Je sens qu\u2019ils appr\u00e9cient ce changement. Apr\u00e8s avoir repris confiance et Emma des couleurs, le couple est de retour en cabine pour se reposer. C\u2019est alors que je pense qu\u2019un autre changement est n\u00e9cessaire. En effet, j\u2019avais r\u00e9ussi \u00e0 calmer le mal de mer de mes jeunes \u00e9quipiers mais il restait \u00e0 corriger le cap afin de retrouver notre destination. En continuant vers le sud comme cela nous allions terminer au Cap Vert.<\/p>\n<\/div>\n<\/div><\/div><\/div><\/div><div id=\"pg-6503-15\"  class=\"panel-grid panel-no-style\" ><div id=\"pgc-6503-15-0\"  class=\"panel-grid-cell\" ><div id=\"panel-6503-15-0-0\" class=\"so-panel widget widget_sow-editor panel-first-child panel-last-child\" data-index=\"15\" ><div\n\t\t\t\n\t\t\tclass=\"so-widget-sow-editor so-widget-sow-editor-base\"\n\t\t\t\n\t\t><h3 class=\"widget-title\">Prise de d\u00e9cision<\/h3>\n<div class=\"siteorigin-widget-tinymce textwidget\">\n\t<p>Je ne connaissais pas le comportement du bateau face aux vagues et en remontant le vent, mais il valait mieux en avoir le c\u0153ur net de jour car de nuit cela allait s\u2019av\u00e9rer dangereux. C\u2019\u00e9tait le moment. \u00c0 16h16, j\u2019ai alors mis le cap au 300\u00ba en voyant arriver de loin des vagues de 3 \u00e0 4 m\u00e8tres que je devais prendre de fa\u00e7on \u00e0 \u00e9viter le pire. Pendant 3 heures durant, le bateau gitant au maximum, les vagues cassant au-dessus du pont, j\u2019ai maintenu le cap en me mouillant pour mon \u00e9quipage, changeant de position pour rester agile de mes muscles et buvant un maximum d\u2019eau.<\/p>\n<\/div>\n<\/div><\/div><\/div><\/div><div id=\"pg-6503-16\"  class=\"panel-grid panel-no-style\" ><div id=\"pgc-6503-16-0\"  class=\"panel-grid-cell\" ><div id=\"panel-6503-16-0-0\" class=\"so-panel widget widget_media_video panel-first-child panel-last-child\" data-index=\"16\" ><h3 class=\"widget-title\">Navigation agit\u00e9e<\/h3><div style=\"width:100%;\" class=\"wp-video\"><video class=\"wp-video-shortcode\" id=\"video-6503-2\" preload=\"metadata\" controls=\"controls\"><source type=\"video\/youtube\" src=\"https:\/\/youtu.be\/cwgDapWYTww?_=2\" \/><a href=\"https:\/\/youtu.be\/cwgDapWYTww\">https:\/\/youtu.be\/cwgDapWYTww<\/a><\/video><\/div><\/div><\/div><\/div><div id=\"pg-6503-17\"  class=\"panel-grid panel-no-style\" ><div id=\"pgc-6503-17-0\"  class=\"panel-grid-cell\" ><div id=\"panel-6503-17-0-0\" class=\"so-panel widget widget_sow-editor panel-first-child panel-last-child\" data-index=\"17\" ><div\n\t\t\t\n\t\t\tclass=\"so-widget-sow-editor so-widget-sow-editor-base\"\n\t\t\t\n\t\t>\n<div class=\"siteorigin-widget-tinymce textwidget\">\n\t<p>C\u2019est un peu avant le coucher du soleil que nous avons pris le cap 240\u00ba pour nous diriger vers Arrecife de nouveau. Quentin \u00e9tait de retour sur le pont depuis quelques minutes pour profiter de la navigation cors\u00e9e et me disait que les vagues \u00e9taient impressionnantes. Je lui indiquait alors que cela n\u2019\u00e9tait rien face aux conditions que nous avions eu auparavant pendant qu\u2019il \u00e9tait en cabine. Il me confirma qu\u2019ils avaient senti le bateau bouger comme jamais. Je lui explique alors que, cette nuit, il sera important que Emma et lui soient en appui pour nous aider dans la veille active afin de rep\u00e9rer les autres navires dans cette mer agit\u00e9e.<\/p>\n<\/div>\n<\/div><\/div><\/div><\/div><div id=\"pg-6503-18\"  class=\"panel-grid panel-no-style\" ><div id=\"pgc-6503-18-0\"  class=\"panel-grid-cell\" ><div id=\"panel-6503-18-0-0\" class=\"so-panel widget widget_sow-image panel-first-child panel-last-child\" data-index=\"18\" ><div\n\t\t\t\n\t\t\tclass=\"so-widget-sow-image so-widget-sow-image-default-d6014b76747a-6503\"\n\t\t\t\n\t\t>\n\n<div class=\"sow-image-container\">\n\t\t<img src=\"https:\/\/guianatura.net\/wp-content\/uploads\/2024\/12\/Coucher-de-soleil-scaled.jpg\" width=\"2560\" height=\"1440\" srcset=\"https:\/\/guianatura.net\/wp-content\/uploads\/2024\/12\/Coucher-de-soleil-scaled.jpg 2560w, https:\/\/guianatura.net\/wp-content\/uploads\/2024\/12\/Coucher-de-soleil-300x169.jpg 300w, https:\/\/guianatura.net\/wp-content\/uploads\/2024\/12\/Coucher-de-soleil-1024x576.jpg 1024w, https:\/\/guianatura.net\/wp-content\/uploads\/2024\/12\/Coucher-de-soleil-768x432.jpg 768w, https:\/\/guianatura.net\/wp-content\/uploads\/2024\/12\/Coucher-de-soleil-1536x864.jpg 1536w, https:\/\/guianatura.net\/wp-content\/uploads\/2024\/12\/Coucher-de-soleil-2048x1152.jpg 2048w\" sizes=\"(max-width: 2560px) 100vw, 2560px\" title=\"Coucher de soleil \" alt=\"coucher de soleil\" \t\tclass=\"so-widget-image\"\/>\n\t<\/div>\n\n<\/div><\/div><\/div><\/div><div id=\"pg-6503-19\"  class=\"panel-grid panel-no-style\" ><div id=\"pgc-6503-19-0\"  class=\"panel-grid-cell\" ><div id=\"panel-6503-19-0-0\" class=\"so-panel widget widget_sow-editor panel-first-child panel-last-child\" data-index=\"19\" ><div\n\t\t\t\n\t\t\tclass=\"so-widget-sow-editor so-widget-sow-editor-base\"\n\t\t\t\n\t\t><h3 class=\"widget-title\">Une longue nuit nous attend<\/h3>\n<div class=\"siteorigin-widget-tinymce textwidget\">\n\t<p>Une heure apr\u00e8s le magnifique coucher de soleil, Youssef r\u00e9appara\u00eet sur le pont. Je le laisse s\u2019installer \u00e0 la barre apr\u00e8s lui avoir expliqu\u00e9 les conditions et le cap \u00e0 maintenir. Il est 20h22. Je vais enfin m\u2019allonger apr\u00e8s un effort physique et mental consid\u00e9rable. Je pense alors que je m\u00e9rite bien 4 heures de repos.<\/p>\n<p>C\u2019est \u00e0 23h21 qu\u2019Emma vient m\u2019appeler en cabine pour que je retourne sur le pont car Youssef demande un changement. En arrivant au poste de commande, j\u2019observe le capitaine Youssef dans la m\u00eame position que je l\u2019avais laiss\u00e9 3 heures avant et quand je lui demande comment il se sent, il me r\u00e9pond : \u201cJe ne sens plus mes bras.\u201d Il \u00e9tait rest\u00e9 tendu sur la barre \u00e0 maintenir le cap. Je me dois de r\u00e9pondre \u00e0 nouveau \u00e0 la responsabilit\u00e9 de prendre les commandes. J\u2019y resterai, aid\u00e9 de mes marins Emma et Quentin qui, heureusement, s'\u00e9taient fait aux conditions et \u00e9taient en confiance en ma compagnie. J\u2019avais form\u00e9 une \u00e9quipe pour y arriver.<\/p>\n<p>Pr\u00e8s de quatre heures ont pass\u00e9 et une fois de plus, comme je le faisais r\u00e9guli\u00e8rement, je souhaite consulter la tablette afin de faire le point. Ce n\u2019est vraiment pas \u00e9vident de maintenir le cap avec une barre qui, depuis plusieurs milles marins, a du jeu dans le mouvement, sans pilote automatique, conditions auxquelles il faut ajouter la gestion des vagues et du vent. Dans cette ardue t\u00e2che, je sens une main b\u00e9n\u00e9vole prendre l\u00e9g\u00e8rement la barre et une voix qui me demande : \u201cTu veux que je t\u2019aide ?\u201d. \u00c0 ce moment, j\u2019ai compris que j\u2019avais enfin un pilote automatique fiable. Je demande alors \u00e0 Quentin de prendre ma place et de maintenir le cap en lui expliquant la souplesse qu\u2019il doit avoir au moment de tourner cette roue. Je lui explique \u00e9galement que s' il part trop vers le cap 300\u00ba, en atteignant les 270\u00ba, le bateau a tendance \u00e0  partir au lof et que ce sera, de ce fait, compliqu\u00e9 de le contr\u00f4ler. Par ailleurs, il apprend qu\u2019en descendant trop vers les 200\u00ba, en s\u2019approchant du cap 220\u00ba, le risque est que la b\u00f4me passe violemment d\u2019un c\u00f4t\u00e9 \u00e0 l\u2019autre du bateau en risquant de casser du mat\u00e9riel. Il nous faut rester proche du 240\u00ba. Il y arrive parfaitement, les yeux riv\u00e9s sur le compas depuis 04h19 pendant que je garde la veille active.<\/p>\n<\/div>\n<\/div><\/div><\/div><\/div><div id=\"pg-6503-20\"  class=\"panel-grid panel-no-style\" ><div id=\"pgc-6503-20-0\"  class=\"panel-grid-cell\" ><div id=\"panel-6503-20-0-0\" class=\"so-panel widget widget_sow-editor panel-first-child panel-last-child\" data-index=\"20\" ><div\n\t\t\t\n\t\t\tclass=\"so-widget-sow-editor so-widget-sow-editor-base\"\n\t\t\t\n\t\t>\n<div class=\"siteorigin-widget-tinymce textwidget\">\n\t<p>Apr\u00e8s une heure \u00e0 la barre, je demande \u00e0 Quentin comment il se sent et je vois bien qu\u2019il aime cette exp\u00e9rience et souhaite continuer. Ceci dit, cela fait maintenant environ 5 heures que le capitaine Youssef est parti se reposer. Je me dis que c\u2019est le moment de le r\u00e9veiller pour prendre son tour de garde. Je m\u2019approche de la cabine, la lumi\u00e8re rouge de la frontale allum\u00e9e et je l\u2019appelle: \u201cYoussef !\u201d. Il ne r\u00e9pond pas. Je r\u00e9it\u00e8re: \u201cYoussef !\u201d. Aucune r\u00e9action. Je continue ainsi au moins dix fois, en augmentant le ton de voix, avant de me d\u00e9cider \u00e0 l\u2019\u00e9clairer avec la lanterne blanche de mon t\u00e9l\u00e9phone en l\u2019appelant trois fois de plus. Rien n\u2019y fait, il semble dans un \u00e9tat morbide.<\/p>\n<\/div>\n<\/div><\/div><\/div><div id=\"pgc-6503-20-1\"  class=\"panel-grid-cell\" ><div id=\"panel-6503-20-1-0\" class=\"so-panel widget widget_media_video panel-first-child panel-last-child\" data-index=\"21\" ><div style=\"width:100%;\" class=\"wp-video\"><video class=\"wp-video-shortcode\" id=\"video-6503-3\" preload=\"metadata\" controls=\"controls\"><source type=\"video\/mp4\" src=\"https:\/\/guianatura.net\/wp-content\/uploads\/2024\/12\/Youssef-malade.mp4?_=3\" \/><source type=\"video\/mp4\" src=\"https:\/\/guianatura.net\/wp-content\/uploads\/2024\/12\/Youssef-malade.mp4?_=3\" \/><a href=\"https:\/\/guianatura.net\/wp-content\/uploads\/2024\/12\/Youssef-malade.mp4\">https:\/\/guianatura.net\/wp-content\/uploads\/2024\/12\/Youssef-malade.mp4<\/a><\/video><\/div><\/div><\/div><\/div><div id=\"pg-6503-21\"  class=\"panel-grid panel-no-style\" ><div id=\"pgc-6503-21-0\"  class=\"panel-grid-cell\" ><div id=\"panel-6503-21-0-0\" class=\"so-panel widget widget_sow-editor panel-first-child panel-last-child\" data-index=\"22\" ><div\n\t\t\t\n\t\t\tclass=\"so-widget-sow-editor so-widget-sow-editor-base\"\n\t\t\t\n\t\t>\n<div class=\"siteorigin-widget-tinymce textwidget\">\n\t<blockquote style=\"border-color: #85a657;\"><p>Je d\u00e9cide de l\u2019oublier et de me concentrer sur ma t\u00e2che : rentrer \u00e0 bon port.<\/p><\/blockquote>\n<\/div>\n<\/div><\/div><\/div><\/div><div id=\"pg-6503-22\"  class=\"panel-grid panel-no-style\" ><div id=\"pgc-6503-22-0\"  class=\"panel-grid-cell\" ><div id=\"panel-6503-22-0-0\" class=\"so-panel widget widget_sow-editor panel-first-child panel-last-child\" data-index=\"23\" ><div\n\t\t\t\n\t\t\tclass=\"so-widget-sow-editor so-widget-sow-editor-base\"\n\t\t\t\n\t\t><h3 class=\"widget-title\">\"Do it Yourself\"<\/h3>\n<div class=\"siteorigin-widget-tinymce textwidget\">\n\t<p>En arrivant sur le pont, Quentin me demande ce qu\u2019a dit Youssef\u2026<br \/>\nJ\u2019\u00e9clate alors de rire et lui dit : \u201cOublie Youssef ! Il m\u2019a dit \u2018Do it Youssef\u2019 !\u201d (\u2018Do it yourself\u2019 en anglais signifie \u2018Fais le toi-m\u00eame\u2019). Quentin comprend la blague sur le champ et nous partons ensemble sur un fou rire de plusieurs minutes qui nous fait \u00e9norm\u00e9ment de bien pour capter une bonne \u00e9nergie. Il en faudra pour y arriver.<\/p>\n<p>J\u2019ai alors d\u00e9cid\u00e9 de hisser le Gwen ha Du \u00e0 b\u00e2bord. Cela pouvait ressembler \u00e0 une mutinerie mais c\u2019est ce liquide de marin breton qui coule dans mes veines qui m\u2019a donn\u00e9 la force. Alors que j\u2019\u00e9tais seul \u00e0 la barre contre vents et vagues, je chantais des chants bretons pour me donner du courage. Ma source de vie est essentielle pour moi et j\u2019ai souvent pens\u00e9 \u00e0 mon grand-p\u00e8re Jean en imaginant qu\u2019il m\u2019accompagnait dans cette aventure. Avoir ce drapeau flottant dans cet air marin repr\u00e9sentait un symbole important.<\/p>\n<\/div>\n<\/div><\/div><\/div><\/div><div id=\"pg-6503-23\"  class=\"panel-grid panel-no-style\" ><div id=\"pgc-6503-23-0\"  class=\"panel-grid-cell\" ><div id=\"panel-6503-23-0-0\" class=\"so-panel widget widget_media_video panel-first-child panel-last-child\" data-index=\"24\" ><div style=\"width:100%;\" class=\"wp-video\"><video class=\"wp-video-shortcode\" id=\"video-6503-4\" preload=\"metadata\" controls=\"controls\"><source type=\"video\/youtube\" src=\"https:\/\/youtu.be\/lO56DZKb_Ps?_=4\" \/><a href=\"https:\/\/youtu.be\/lO56DZKb_Ps\">https:\/\/youtu.be\/lO56DZKb_Ps<\/a><\/video><\/div><\/div><\/div><\/div><div id=\"pg-6503-24\"  class=\"panel-grid panel-no-style\" ><div id=\"pgc-6503-24-0\"  class=\"panel-grid-cell\" ><div id=\"panel-6503-24-0-0\" class=\"so-panel widget widget_sow-editor panel-first-child panel-last-child\" data-index=\"25\" ><div\n\t\t\t\n\t\t\tclass=\"so-widget-sow-editor so-widget-sow-editor-base\"\n\t\t\t\n\t\t>\n<div class=\"siteorigin-widget-tinymce textwidget\">\n\t<p>\u00c0 06h27, nous \u00e9tions \u00e0 25 milles marins de l\u2019\u00eele de Lanzarote et je pouvais enfin respirer car j\u2019avais r\u00e9ussi \u00e0 envoyer un message \u00e0 ma famille. Enfin le r\u00e9seau \u00e9tait l\u00e0 en cas de besoin. En effet, je ne l'avais jamais communiqu\u00e9 \u00e0 mon \u00e9quipe afin de ne pas les perdre dans une panique mais, depuis d\u00e9j\u00e0 25 milles, de nuit, nous n\u2019avions plus d\u2019\u00e9lectricit\u00e9 \u00e0 bord. Cela signifiait que personne ne pouvait savoir o\u00f9 nous \u00e9tions car nous n\u2019avions plu de :<br \/>\n- feux de navigation (nous n'avions qu'une torche pour \u00e9clairer la voile),<br \/>\n- AIS (plus personne ne savait o\u00f9 nous \u00e9tions),<br \/>\n- VHF (nous ne pouvions pas communiquer en cas d'urgence).<\/p>\n<p>Dans la nuit nuageuse \u00e9clair\u00e9e parfois par la pleine lune (quelle chance !), nous avons altern\u00e9 avec Quentin le poste de contr\u00f4le \u00e0 la barre (avec des quarts de 2 heures environ - 04h19-06h42-08h23) pendant que l\u2019autre restait en veille active afin d\u2019\u00e9viter tout risque de collision. Une fois que le jour s'est lev\u00e9 et que nous avons pu voir l\u2019\u00eele au loin, \u00e7a faisait quand m\u00eame du bien. Quand Emma est r\u00e9apparue sur le pont et a pu me remplacer \u00e0 la vigilance, j\u2019ai pu, tout en restant dans le fond du cockpit, \u00e0 moiti\u00e9 assis, prendre le temps de deux siestes de 15 minutes avant l\u2019arriv\u00e9e \u00e0 l\u2019entr\u00e9e du port d\u2019Arrecife vers 10h00 du matin le vendredi 18 octobre 2024. <\/p>\n<p>Il restait encore la man\u0153uvre de port que j\u2019ai assur\u00e9e avec l\u2019aide de l\u2019\u00e9quipage et deux marins de la marina qui sont venus en appui.<\/p>\n<\/div>\n<\/div><\/div><\/div><\/div><div id=\"pg-6503-25\"  class=\"panel-grid panel-no-style\" ><div id=\"pgc-6503-25-0\"  class=\"panel-grid-cell\" ><div id=\"panel-6503-25-0-0\" class=\"so-panel widget widget_sow-editor panel-first-child panel-last-child\" data-index=\"26\" ><div\n\t\t\t\n\t\t\tclass=\"so-widget-sow-editor so-widget-sow-editor-base\"\n\t\t\t\n\t\t><h3 class=\"widget-title\">Un capitaine est n\u00e9<\/h3>\n<div class=\"siteorigin-widget-tinymce textwidget\">\n\t<p>Personnellement, cette exp\u00e9rience m'a donn\u00e9 confiance en moi pour man\u0153uvrer un bateau comme un vrai capitaine et mes capacit\u00e9s de gestion en situation de crise. Une autre chose dont je me suis rendu compte est que nous nous imaginons des limites que nous sommes capables de surmonter. En 42 heures de navigation, j\u2019avais dormi seulement 9 heures et 30 minutes en p\u00e9riodes de siestes marines (pas des plus confortables).<br \/>\nIl est \u00e9galement certain que je ne m\u2019embarquerai plus pour une travers\u00e9e avant d\u2019avoir r\u00e9alis\u00e9 un contr\u00f4le exhaustif du bateau, de l\u2019\u00e9quipage et des conditions m\u00e9t\u00e9orologiques.<\/p>\n<p>Si vous avez lu jusqu\u2019ici, vous vous demandez certainement ce qui est arriv\u00e9 \u00e0 Youssef. Dans les derni\u00e8res 11 heures de navigation, il \u00e9tait en cabine, semble-t-il avec un mal de cr\u00e2ne horrible qui ne lui permettait pas de se lever. J\u2019ai appris par la suite, avec mes contacts \u00e0 la marina d\u2019Agadir, que Youssef \u00e9tait un pi\u00e8tre marin et que, dans les deux derni\u00e8res ann\u00e9es, il avait pris son bateau une seule fois pour faire des ronds dans l\u2019eau \u00e0 la sortie du port. Mais bon, comme ils disent: \u201cInch Allah !\u201d et Dieu l\u2019a voulu, nous sommes arriv\u00e9s \u00e0 bon port.<\/p>\n<p>C\u2019est curieux comme, apr\u00e8s cette longue travers\u00e9e, lorsque je fermais les yeux dans mon lit chez moi \u00e0 terre, je voyais encore le grand bleu. Par ailleurs, cette impression de mouvement permanent m\u00eame une fois \u00e0 terre -que certaines personnes appellent le \u201cmal de terre\u201d- est pour moi une sensation agr\u00e9able. J\u2019aime la mer et j\u2019y retourne d\u00e8s que je peux. Si cette exp\u00e9rience \u00e9tait \u00e0 refaire, je recommencerai sans h\u00e9sitation car j\u2019ai beaucoup appris.<\/p>\n<p>Ce fut ma premi\u00e8re grande travers\u00e9e de plus de 650 milles marins en 6 jours. Maintenant je compte bien en pr\u00e9parer de nouvelles.<\/p>\n<\/div>\n<\/div><\/div><\/div><\/div><div id=\"pg-6503-26\"  class=\"panel-grid panel-no-style\" ><div id=\"pgc-6503-26-0\"  class=\"panel-grid-cell\" ><div id=\"panel-6503-26-0-0\" class=\"so-panel widget widget_sow-image panel-first-child panel-last-child\" data-index=\"27\" ><div\n\t\t\t\n\t\t\tclass=\"so-widget-sow-image so-widget-sow-image-default-1914b985aea4-6503\"\n\t\t\t\n\t\t>\n\n<div class=\"sow-image-container\">\n\t\t<img src=\"https:\/\/guianatura.net\/wp-content\/uploads\/2024\/12\/lequipage-scaled.jpeg\" width=\"2560\" height=\"1440\" srcset=\"https:\/\/guianatura.net\/wp-content\/uploads\/2024\/12\/lequipage-scaled.jpeg 2560w, https:\/\/guianatura.net\/wp-content\/uploads\/2024\/12\/lequipage-300x169.jpeg 300w, https:\/\/guianatura.net\/wp-content\/uploads\/2024\/12\/lequipage-1024x576.jpeg 1024w, https:\/\/guianatura.net\/wp-content\/uploads\/2024\/12\/lequipage-768x432.jpeg 768w, https:\/\/guianatura.net\/wp-content\/uploads\/2024\/12\/lequipage-1536x864.jpeg 1536w, https:\/\/guianatura.net\/wp-content\/uploads\/2024\/12\/lequipage-2048x1152.jpeg 2048w\" sizes=\"(max-width: 2560px) 100vw, 2560px\" title=\"Le capitaine et l&#039;equipage gr\u00e2ce auquel nous y sommes arriv\u00e9s\" alt=\"equipage\" \t\tclass=\"so-widget-image\"\/>\n\t<\/div>\n\n<h3 class=\"widget-title\">Le capitaine et l'equipage gr\u00e2ce auquel nous y sommes arriv\u00e9s<\/h3><\/div><\/div><\/div><\/div><div id=\"pg-6503-27\"  class=\"panel-grid panel-no-style\" ><div id=\"pgc-6503-27-0\"  class=\"panel-grid-cell\" ><div id=\"panel-6503-27-0-0\" class=\"so-panel widget widget_text panel-first-child panel-last-child\" data-index=\"28\" >\t\t\t<div class=\"textwidget\"><p><strong>_______ Si vous voulez voir le voyage d&rsquo;Emma et Quentin, cliquez ci-dessous : _______<\/strong><\/p>\n<\/div>\n\t\t<\/div><\/div><\/div><div id=\"pg-6503-28\"  class=\"panel-grid panel-no-style\" ><div id=\"pgc-6503-28-0\"  class=\"panel-grid-cell\" ><div id=\"panel-6503-28-0-0\" class=\"so-panel widget widget_sow-editor panel-first-child panel-last-child\" data-index=\"29\" ><div\n\t\t\t\n\t\t\tclass=\"so-widget-sow-editor so-widget-sow-editor-base\"\n\t\t\t\n\t\t><h3 class=\"widget-title\">Le voyage d\u2019ailes et eux<\/h3>\n<div class=\"siteorigin-widget-tinymce textwidget\">\n\t<p><a href=\"https:\/\/www.polarsteps.com\/EmmaPellennec\/11943422-tchoupicycle?s=8EF1CCC8-C4DC-4069-A1F4-26AF1F47E61E\" rel=\"noopener\" target=\"_blank\">Le voyage \u00e0 v\u00e9lo d'un couple: du Cantal \u00e0... (lisez la suite en cliquant ici)<\/a><\/p>\n<\/div>\n<\/div><\/div><\/div><\/div><div id=\"pg-6503-29\"  class=\"panel-grid panel-no-style\" ><div id=\"pgc-6503-29-0\"  class=\"panel-grid-cell\" ><div id=\"panel-6503-29-0-0\" class=\"so-panel widget widget_sow-image panel-first-child panel-last-child\" data-index=\"30\" ><div\n\t\t\t\n\t\t\tclass=\"so-widget-sow-image so-widget-sow-image-default-1914b985aea4-6503\"\n\t\t\t\n\t\t>\n\n<div class=\"sow-image-container\">\n\t\t\t<a href=\"https:\/\/www.polarsteps.com\/EmmaPellennec\/11943422-tchoupicycle?s=8EF1CCC8-C4DC-4069-A1F4-26AF1F47E61E\"\n\t\t\t\t\t>\n\t\t\t<img src=\"https:\/\/guianatura.net\/wp-content\/uploads\/2024\/12\/Emma-et-Quentin.jpeg\" width=\"1600\" height=\"900\" srcset=\"https:\/\/guianatura.net\/wp-content\/uploads\/2024\/12\/Emma-et-Quentin.jpeg 1600w, https:\/\/guianatura.net\/wp-content\/uploads\/2024\/12\/Emma-et-Quentin-300x169.jpeg 300w, https:\/\/guianatura.net\/wp-content\/uploads\/2024\/12\/Emma-et-Quentin-1024x576.jpeg 1024w, https:\/\/guianatura.net\/wp-content\/uploads\/2024\/12\/Emma-et-Quentin-768x432.jpeg 768w, https:\/\/guianatura.net\/wp-content\/uploads\/2024\/12\/Emma-et-Quentin-1536x864.jpeg 1536w\" sizes=\"(max-width: 1600px) 100vw, 1600px\" title=\"Fiche du voyage d&#039;Emma et Quentin\" alt=\"fiche article\" \t\tclass=\"so-widget-image\"\/>\n\t<\/a><\/div>\n\n<\/div><\/div><\/div><\/div><div id=\"pg-6503-30\"  class=\"panel-grid panel-no-style\" ><div id=\"pgc-6503-30-0\"  class=\"panel-grid-cell\" ><div id=\"panel-6503-30-0-0\" class=\"so-panel widget widget_sow-social-media-buttons panel-first-child\" data-index=\"31\" ><div\n\t\t\t\n\t\t\tclass=\"so-widget-sow-social-media-buttons so-widget-sow-social-media-buttons-flat-f678a2937e0e-6503\"\n\t\t\t\n\t\t>\n\n<div class=\"social-media-button-container\">\n\t\n\t\t<a class=\"ow-button-hover sow-social-media-button-envelope-0 sow-social-media-button\" title=\"Remplissez un formulaire de contact\" aria-label=\"Remplissez un formulaire de contact\" href=\"http:\/\/guianatura.net\/fr\/contact\/\" >\n\t\t\t<span>\n\t\t\t\t\t\t\t\t<span class=\"sow-icon-fontawesome sow-fas\" data-sow-icon=\"&#xf0e0;\"\n\t\t \n\t\taria-hidden=\"true\"><\/span>\t\t\t\t\t\t\t<\/span>\n\t\t<\/a>\n\t\n\t\t<a class=\"ow-button-hover sow-social-media-button-phone-0 sow-social-media-button\" title=\"Contactez-nous par t\u00e9l\u00e9phone\" aria-label=\"Contactez-nous par t\u00e9l\u00e9phone\" href=\"tel:0034686319035\" >\n\t\t\t<span>\n\t\t\t\t\t\t\t\t<span class=\"sow-icon-fontawesome sow-fas\" data-sow-icon=\"&#xf095;\"\n\t\t \n\t\taria-hidden=\"true\"><\/span>\t\t\t\t\t\t\t<\/span>\n\t\t<\/a>\n\t\n\t\t<a class=\"ow-button-hover sow-social-media-button-whatsapp-0 sow-social-media-button\" title=\"Contactez-nous par WhatsApp\" aria-label=\"Contactez-nous par WhatsApp\" href=\"https:\/\/wa.me\/34686319035?text=Je%20suis%20int%C3%A9ress%C3%A9(e)%20par%20les%20services%20de%20GuiaNatura%20EcoTourisme\" >\n\t\t\t<span>\n\t\t\t\t\t\t\t\t<span class=\"sow-icon-fontawesome sow-fab\" data-sow-icon=\"&#xf232;\"\n\t\t \n\t\taria-hidden=\"true\"><\/span>\t\t\t\t\t\t\t<\/span>\n\t\t<\/a>\n\t<\/div>\n<\/div><\/div><div id=\"panel-6503-30-0-1\" class=\"so-panel widget widget_sow-image\" data-index=\"32\" ><div\n\t\t\t\n\t\t\tclass=\"so-widget-sow-image so-widget-sow-image-default-d6014b76747a-6503\"\n\t\t\t\n\t\t>\n\n<div class=\"sow-image-container\">\n\t\t<img title=\"Inch&rsquo;Allah, le retour\" alt=\"\" \t\tclass=\"so-widget-image\"\/>\n\t<\/div>\n\n<\/div><\/div><div id=\"panel-6503-30-0-2\" class=\"so-panel widget widget_sow-layout-slider\" data-index=\"33\" ><div\n\t\t\t\n\t\t\tclass=\"so-widget-sow-layout-slider so-widget-sow-layout-slider-default-a35dd6a55b3a-6503\"\n\t\t\t\n\t\t><div class=\"sow-slider-base\" style=\"display: none\"><ul\n\t\t\t\t\tclass=\"sow-slider-images\"\n\t\t\t\t\tdata-settings=\"{&quot;pagination&quot;:true,&quot;speed&quot;:800,&quot;timeout&quot;:8000,&quot;paused&quot;:false,&quot;pause_on_hover&quot;:false,&quot;swipe&quot;:true,&quot;nav_always_show_desktop&quot;:&quot;&quot;,&quot;nav_always_show_mobile&quot;:&quot;&quot;,&quot;breakpoint&quot;:&quot;780px&quot;,&quot;unmute&quot;:false,&quot;anchor&quot;:null}\"\n\t\t\t\t\t\t\t\t\t\tdata-anchor-id=\"\"\n\t\t\t\t><\/ul>\t\t\t\t<ol class=\"sow-slider-pagination\">\n\t\t\t\t\t\t\t\t\t<\/ol>\n\n\t\t\t\t<div class=\"sow-slide-nav sow-slide-nav-next\">\n\t\t\t\t\t<a href=\"#\" data-goto=\"next\" aria-label=\"diapositive suivante\" data-action=\"next\">\n\t\t\t\t\t\t<em class=\"sow-sld-icon-thin-right\"><\/em>\n\t\t\t\t\t<\/a>\n\t\t\t\t<\/div>\n\n\t\t\t\t<div class=\"sow-slide-nav sow-slide-nav-prev\">\n\t\t\t\t\t<a href=\"#\" data-goto=\"previous\" aria-label=\"diapositive pr\u00e9c\u00e9dente\" data-action=\"prev\">\n\t\t\t\t\t\t<em class=\"sow-sld-icon-thin-left\"><\/em>\n\t\t\t\t\t<\/a>\n\t\t\t\t<\/div>\n\t\t\t\t<\/div><\/div><\/div><div id=\"panel-6503-30-0-4\" class=\"so-panel widget widget_sow-image\" data-index=\"35\" ><div\n\t\t\t\n\t\t\tclass=\"so-widget-sow-image so-widget-sow-image-default-d6014b76747a-6503\"\n\t\t\t\n\t\t>\n\n<div class=\"sow-image-container\">\n\t\t<img title=\"Inch&rsquo;Allah, le retour\" alt=\"\" \t\tclass=\"so-widget-image\"\/>\n\t<\/div>\n\n<\/div><\/div><div id=\"panel-6503-30-0-5\" class=\"so-panel widget widget_sow-image panel-last-child\" data-index=\"36\" ><div\n\t\t\t\n\t\t\tclass=\"so-widget-sow-image so-widget-sow-image-default-d6014b76747a-6503\"\n\t\t\t\n\t\t>\n\n<div class=\"sow-image-container\">\n\t\t<img title=\"Inch&rsquo;Allah, le retour\" alt=\"\" \t\tclass=\"so-widget-image\"\/>\n\t<\/div>\n\n<\/div><\/div><\/div><div id=\"pgc-6503-30-1\"  class=\"panel-grid-cell panel-grid-cell-empty\" ><\/div><div id=\"pgc-6503-30-2\"  class=\"panel-grid-cell\" ><div id=\"panel-6503-30-2-0\" class=\"so-panel widget widget_sow-social-media-buttons panel-first-child panel-last-child\" data-index=\"37\" ><div\n\t\t\t\n\t\t\tclass=\"so-widget-sow-social-media-buttons so-widget-sow-social-media-buttons-flat-a19c3ae2759a-6503\"\n\t\t\t\n\t\t>\n\n<div class=\"social-media-button-container\">\n\t\n\t\t<a class=\"ow-button-hover sow-social-media-button-facebook-0 sow-social-media-button\" title=\"Partager sur Facebook\" aria-label=\"Partager sur Facebook\" target=\"_blank\" rel=\"noopener noreferrer\" href=\"https:\/\/www.facebook.com\/sharer\/sharer.php?kid_directed_site=0&#038;sdk=joey&#038;u=http%3A%2F%2Fguianatura.net%2Ffr%2Ftourisme-solidaire-aux-canaries%2F&#038;display=popup&#038;ref=plugin&#038;src=share_button\" >\n\t\t\t<span>\n\t\t\t\t\t\t\t\t<span class=\"sow-icon-fontawesome sow-fab\" data-sow-icon=\"&#xf39e;\"\n\t\t \n\t\taria-hidden=\"true\"><\/span>\t\t\t\t\t\t\t<\/span>\n\t\t<\/a>\n\t\n\t\t<a class=\"ow-button-hover sow-social-media-button-twitter-0 sow-social-media-button\" title=\"Partager sur Twitter\" aria-label=\"Partager sur Twitter\" target=\"_blank\" rel=\"noopener noreferrer\" href=\"https:\/\/twitter.com\/intent\/tweet?original_referer=http%3A%2F%2Fguianatura.net%2Ffr%2Ftourisme-solidaire-aux-canaries%2F&#038;ref_src=twsrc%5Etfw&#038;tw_p=tweetbutton&#038;url=http%3A%2F%2Fguianatura.net%2Ffr%2Ftourisme-solidaire-aux-canaries%2F\" >\n\t\t\t<span>\n\t\t\t\t\t\t\t\t<span class=\"sow-icon-fontawesome sow-fab\" data-sow-icon=\"&#xf099;\"\n\t\t \n\t\taria-hidden=\"true\"><\/span>\t\t\t\t\t\t\t<\/span>\n\t\t<\/a>\n\t<\/div>\n<\/div><\/div><\/div><\/div><\/div>","protected":false},"excerpt":{"rendered":"<p>\u00c0 notre arriv\u00e9e dans la marina d\u2019Agadir le mercredi 16 octobre, apr\u00e8s qu&rsquo;ils nous aient aid\u00e9s \u00e0 amarrer le bateau, les marins du port nous ont dit que nous devions [&hellip;]<\/p>\n","protected":false},"author":4,"featured_media":6506,"comment_status":"closed","ping_status":"closed","sticky":false,"template":"","format":"standard","meta":[],"categories":[20,31],"tags":[],"yoast_head":"<!-- This site is optimized with the Yoast SEO plugin v20.0 - https:\/\/yoast.com\/wordpress\/plugins\/seo\/ -->\n<title>Inch&#039;Allah, le retour<\/title>\n<meta name=\"description\" content=\"Une aventure \u00e0 la voile que je n&#039;oublierai jamais : celle qui m&#039;a donn\u00e9 la confiance en moi pour dire &quot;Je suis capitaine&quot;.\" \/>\n<meta name=\"robots\" content=\"index, follow, max-snippet:-1, max-image-preview:large, max-video-preview:-1\" \/>\n<link rel=\"canonical\" href=\"https:\/\/guianatura.net\/fr\/inchallah_etape2\/\" \/>\n<meta property=\"og:locale\" content=\"fr_FR\" \/>\n<meta property=\"og:type\" content=\"article\" \/>\n<meta property=\"og:title\" content=\"Inch&#039;Allah, le retour\" \/>\n<meta property=\"og:description\" content=\"Une aventure \u00e0 la voile que je n&#039;oublierai jamais : celle qui m&#039;a donn\u00e9 la confiance en moi pour dire &quot;Je suis capitaine&quot;.\" \/>\n<meta property=\"og:url\" content=\"https:\/\/guianatura.net\/fr\/inchallah_etape2\/\" \/>\n<meta property=\"og:site_name\" content=\"GuiaNatura EcoTourism\" \/>\n<meta property=\"article:publisher\" content=\"https:\/\/www.facebook.com\/GuiaNaturaEco\/\" \/>\n<meta property=\"article:published_time\" content=\"2024-12-11T20:53:19+00:00\" \/>\n<meta property=\"article:modified_time\" content=\"2025-02-28T09:02:51+00:00\" \/>\n<meta property=\"og:image\" content=\"https:\/\/guianatura.net\/wp-content\/uploads\/2024\/12\/InchAllah-le-retour-1-scaled.jpg\" \/>\n\t<meta property=\"og:image:width\" content=\"2560\" \/>\n\t<meta property=\"og:image:height\" content=\"1440\" \/>\n\t<meta property=\"og:image:type\" content=\"image\/jpeg\" \/>\n<meta name=\"author\" content=\"Jean Guy Le Roux\" \/>\n<meta name=\"twitter:card\" content=\"summary_large_image\" \/>\n<meta name=\"twitter:creator\" content=\"@GuiaNaturaEco\" \/>\n<meta name=\"twitter:site\" content=\"@GuiaNaturaEco\" \/>\n<meta name=\"twitter:label1\" content=\"\u00c9crit par\" \/>\n\t<meta name=\"twitter:data1\" content=\"Jean Guy Le Roux\" \/>\n\t<meta name=\"twitter:label2\" content=\"Dur\u00e9e de lecture estim\u00e9e\" \/>\n\t<meta name=\"twitter:data2\" content=\"17 minutes\" \/>\n<script type=\"application\/ld+json\" class=\"yoast-schema-graph\">{\"@context\":\"https:\/\/schema.org\",\"@graph\":[{\"@type\":\"Article\",\"@id\":\"https:\/\/guianatura.net\/fr\/inchallah_etape2\/#article\",\"isPartOf\":{\"@id\":\"https:\/\/guianatura.net\/fr\/inchallah_etape2\/\"},\"author\":{\"name\":\"Jean Guy Le Roux\",\"@id\":\"https:\/\/guianatura.net\/#\/schema\/person\/0ebd59cb9ab077f84e97178f7679cad2\"},\"headline\":\"Inch&rsquo;Allah, le retour\",\"datePublished\":\"2024-12-11T20:53:19+00:00\",\"dateModified\":\"2025-02-28T09:02:51+00:00\",\"mainEntityOfPage\":{\"@id\":\"https:\/\/guianatura.net\/fr\/inchallah_etape2\/\"},\"wordCount\":3963,\"publisher\":{\"@id\":\"https:\/\/guianatura.net\/#organization\"},\"articleSection\":[\"Nature\",\"Voile\"],\"inLanguage\":\"fr-FR\"},{\"@type\":\"WebPage\",\"@id\":\"https:\/\/guianatura.net\/fr\/inchallah_etape2\/\",\"url\":\"https:\/\/guianatura.net\/fr\/inchallah_etape2\/\",\"name\":\"Inch'Allah, le retour\",\"isPartOf\":{\"@id\":\"https:\/\/guianatura.net\/#website\"},\"datePublished\":\"2024-12-11T20:53:19+00:00\",\"dateModified\":\"2025-02-28T09:02:51+00:00\",\"description\":\"Une aventure \u00e0 la voile que je n'oublierai jamais : celle qui m'a donn\u00e9 la confiance en moi pour dire \\\"Je suis capitaine\\\".\",\"breadcrumb\":{\"@id\":\"https:\/\/guianatura.net\/fr\/inchallah_etape2\/#breadcrumb\"},\"inLanguage\":\"fr-FR\",\"potentialAction\":[{\"@type\":\"ReadAction\",\"target\":[\"https:\/\/guianatura.net\/fr\/inchallah_etape2\/\"]}]},{\"@type\":\"BreadcrumbList\",\"@id\":\"https:\/\/guianatura.net\/fr\/inchallah_etape2\/#breadcrumb\",\"itemListElement\":[{\"@type\":\"ListItem\",\"position\":1,\"name\":\"Portada\",\"item\":\"https:\/\/guianatura.net\/fr\/\"},{\"@type\":\"ListItem\",\"position\":2,\"name\":\"Inch&#8217;Allah, le retour\"}]},{\"@type\":\"WebSite\",\"@id\":\"https:\/\/guianatura.net\/#website\",\"url\":\"https:\/\/guianatura.net\/\",\"name\":\"GuiaNatura Eco Tur\u00edsmo\",\"description\":\"\",\"publisher\":{\"@id\":\"https:\/\/guianatura.net\/#organization\"},\"potentialAction\":[{\"@type\":\"SearchAction\",\"target\":{\"@type\":\"EntryPoint\",\"urlTemplate\":\"https:\/\/guianatura.net\/?s={search_term_string}\"},\"query-input\":\"required name=search_term_string\"}],\"inLanguage\":\"fr-FR\"},{\"@type\":\"Organization\",\"@id\":\"https:\/\/guianatura.net\/#organization\",\"name\":\"GuiaNatura EcoTurismo\",\"url\":\"https:\/\/guianatura.net\/\",\"logo\":{\"@type\":\"ImageObject\",\"inLanguage\":\"fr-FR\",\"@id\":\"https:\/\/guianatura.net\/#\/schema\/logo\/image\/\",\"url\":\"https:\/\/guianatura.net\/wp-content\/uploads\/2018\/12\/cropped-logo-guia-natura-tenerife.png\",\"contentUrl\":\"https:\/\/guianatura.net\/wp-content\/uploads\/2018\/12\/cropped-logo-guia-natura-tenerife.png\",\"width\":40,\"height\":40,\"caption\":\"GuiaNatura EcoTurismo\"},\"image\":{\"@id\":\"https:\/\/guianatura.net\/#\/schema\/logo\/image\/\"},\"sameAs\":[\"https:\/\/www.instagram.com\/guianaturaeco\/\",\"https:\/\/www.youtube.com\/channel\/UC6nwq5XuV5WeeYtcnHIZIAQ\",\"https:\/\/www.facebook.com\/GuiaNaturaEco\/\",\"https:\/\/twitter.com\/GuiaNaturaEco\"]},{\"@type\":\"Person\",\"@id\":\"https:\/\/guianatura.net\/#\/schema\/person\/0ebd59cb9ab077f84e97178f7679cad2\",\"name\":\"Jean Guy Le Roux\",\"image\":{\"@type\":\"ImageObject\",\"inLanguage\":\"fr-FR\",\"@id\":\"https:\/\/guianatura.net\/#\/schema\/person\/image\/\",\"url\":\"https:\/\/secure.gravatar.com\/avatar\/89023753a9ed385925bc8e3b1085fb65?s=96&d=mm&r=g\",\"contentUrl\":\"https:\/\/secure.gravatar.com\/avatar\/89023753a9ed385925bc8e3b1085fb65?s=96&d=mm&r=g\",\"caption\":\"Jean Guy Le Roux\"}}]}<\/script>\n<!-- \/ Yoast SEO plugin. -->","yoast_head_json":{"title":"Inch'Allah, le retour","description":"Une aventure \u00e0 la voile que je n'oublierai jamais : celle qui m'a donn\u00e9 la confiance en moi pour dire \"Je suis capitaine\".","robots":{"index":"index","follow":"follow","max-snippet":"max-snippet:-1","max-image-preview":"max-image-preview:large","max-video-preview":"max-video-preview:-1"},"canonical":"https:\/\/guianatura.net\/fr\/inchallah_etape2\/","og_locale":"fr_FR","og_type":"article","og_title":"Inch'Allah, le retour","og_description":"Une aventure \u00e0 la voile que je n'oublierai jamais : celle qui m'a donn\u00e9 la confiance en moi pour dire \"Je suis capitaine\".","og_url":"https:\/\/guianatura.net\/fr\/inchallah_etape2\/","og_site_name":"GuiaNatura EcoTourism","article_publisher":"https:\/\/www.facebook.com\/GuiaNaturaEco\/","article_published_time":"2024-12-11T20:53:19+00:00","article_modified_time":"2025-02-28T09:02:51+00:00","og_image":[{"width":2560,"height":1440,"url":"https:\/\/guianatura.net\/wp-content\/uploads\/2024\/12\/InchAllah-le-retour-1-scaled.jpg","type":"image\/jpeg"}],"author":"Jean Guy Le Roux","twitter_card":"summary_large_image","twitter_creator":"@GuiaNaturaEco","twitter_site":"@GuiaNaturaEco","twitter_misc":{"\u00c9crit par":"Jean Guy Le Roux","Dur\u00e9e de lecture estim\u00e9e":"17 minutes"},"schema":{"@context":"https:\/\/schema.org","@graph":[{"@type":"Article","@id":"https:\/\/guianatura.net\/fr\/inchallah_etape2\/#article","isPartOf":{"@id":"https:\/\/guianatura.net\/fr\/inchallah_etape2\/"},"author":{"name":"Jean Guy Le Roux","@id":"https:\/\/guianatura.net\/#\/schema\/person\/0ebd59cb9ab077f84e97178f7679cad2"},"headline":"Inch&rsquo;Allah, le retour","datePublished":"2024-12-11T20:53:19+00:00","dateModified":"2025-02-28T09:02:51+00:00","mainEntityOfPage":{"@id":"https:\/\/guianatura.net\/fr\/inchallah_etape2\/"},"wordCount":3963,"publisher":{"@id":"https:\/\/guianatura.net\/#organization"},"articleSection":["Nature","Voile"],"inLanguage":"fr-FR"},{"@type":"WebPage","@id":"https:\/\/guianatura.net\/fr\/inchallah_etape2\/","url":"https:\/\/guianatura.net\/fr\/inchallah_etape2\/","name":"Inch'Allah, le retour","isPartOf":{"@id":"https:\/\/guianatura.net\/#website"},"datePublished":"2024-12-11T20:53:19+00:00","dateModified":"2025-02-28T09:02:51+00:00","description":"Une aventure \u00e0 la voile que je n'oublierai jamais : celle qui m'a donn\u00e9 la confiance en moi pour dire \"Je suis capitaine\".","breadcrumb":{"@id":"https:\/\/guianatura.net\/fr\/inchallah_etape2\/#breadcrumb"},"inLanguage":"fr-FR","potentialAction":[{"@type":"ReadAction","target":["https:\/\/guianatura.net\/fr\/inchallah_etape2\/"]}]},{"@type":"BreadcrumbList","@id":"https:\/\/guianatura.net\/fr\/inchallah_etape2\/#breadcrumb","itemListElement":[{"@type":"ListItem","position":1,"name":"Portada","item":"https:\/\/guianatura.net\/fr\/"},{"@type":"ListItem","position":2,"name":"Inch&#8217;Allah, le retour"}]},{"@type":"WebSite","@id":"https:\/\/guianatura.net\/#website","url":"https:\/\/guianatura.net\/","name":"GuiaNatura Eco Tur\u00edsmo","description":"","publisher":{"@id":"https:\/\/guianatura.net\/#organization"},"potentialAction":[{"@type":"SearchAction","target":{"@type":"EntryPoint","urlTemplate":"https:\/\/guianatura.net\/?s={search_term_string}"},"query-input":"required name=search_term_string"}],"inLanguage":"fr-FR"},{"@type":"Organization","@id":"https:\/\/guianatura.net\/#organization","name":"GuiaNatura EcoTurismo","url":"https:\/\/guianatura.net\/","logo":{"@type":"ImageObject","inLanguage":"fr-FR","@id":"https:\/\/guianatura.net\/#\/schema\/logo\/image\/","url":"https:\/\/guianatura.net\/wp-content\/uploads\/2018\/12\/cropped-logo-guia-natura-tenerife.png","contentUrl":"https:\/\/guianatura.net\/wp-content\/uploads\/2018\/12\/cropped-logo-guia-natura-tenerife.png","width":40,"height":40,"caption":"GuiaNatura EcoTurismo"},"image":{"@id":"https:\/\/guianatura.net\/#\/schema\/logo\/image\/"},"sameAs":["https:\/\/www.instagram.com\/guianaturaeco\/","https:\/\/www.youtube.com\/channel\/UC6nwq5XuV5WeeYtcnHIZIAQ","https:\/\/www.facebook.com\/GuiaNaturaEco\/","https:\/\/twitter.com\/GuiaNaturaEco"]},{"@type":"Person","@id":"https:\/\/guianatura.net\/#\/schema\/person\/0ebd59cb9ab077f84e97178f7679cad2","name":"Jean Guy Le Roux","image":{"@type":"ImageObject","inLanguage":"fr-FR","@id":"https:\/\/guianatura.net\/#\/schema\/person\/image\/","url":"https:\/\/secure.gravatar.com\/avatar\/89023753a9ed385925bc8e3b1085fb65?s=96&d=mm&r=g","contentUrl":"https:\/\/secure.gravatar.com\/avatar\/89023753a9ed385925bc8e3b1085fb65?s=96&d=mm&r=g","caption":"Jean Guy Le Roux"}}]}},"_links":{"self":[{"href":"https:\/\/guianatura.net\/fr\/wp-json\/wp\/v2\/posts\/6503\/"}],"collection":[{"href":"https:\/\/guianatura.net\/fr\/wp-json\/wp\/v2\/posts\/"}],"about":[{"href":"https:\/\/guianatura.net\/fr\/wp-json\/wp\/v2\/types\/post\/"}],"author":[{"embeddable":true,"href":"https:\/\/guianatura.net\/fr\/wp-json\/wp\/v2\/users\/4\/"}],"replies":[{"embeddable":true,"href":"https:\/\/guianatura.net\/fr\/wp-json\/wp\/v2\/comments\/?post=6503"}],"version-history":[{"count":71,"href":"https:\/\/guianatura.net\/fr\/wp-json\/wp\/v2\/posts\/6503\/revisions\/"}],"predecessor-version":[{"id":6706,"href":"https:\/\/guianatura.net\/fr\/wp-json\/wp\/v2\/posts\/6503\/revisions\/6706\/"}],"wp:featuredmedia":[{"embeddable":true,"href":"https:\/\/guianatura.net\/fr\/wp-json\/wp\/v2\/media\/6506\/"}],"wp:attachment":[{"href":"https:\/\/guianatura.net\/fr\/wp-json\/wp\/v2\/media\/?parent=6503"}],"wp:term":[{"taxonomy":"category","embeddable":true,"href":"https:\/\/guianatura.net\/fr\/wp-json\/wp\/v2\/categories\/?post=6503"},{"taxonomy":"post_tag","embeddable":true,"href":"https:\/\/guianatura.net\/fr\/wp-json\/wp\/v2\/tags\/?post=6503"}],"curies":[{"name":"wp","href":"https:\/\/api.w.org\/{rel}","templated":true}]}}