{"id":5704,"date":"2021-11-01T19:40:26","date_gmt":"2021-11-01T19:40:26","guid":{"rendered":"https:\/\/guianatura.net\/?p=5704"},"modified":"2021-11-01T19:40:26","modified_gmt":"2021-11-01T19:40:26","slug":"randonner-gran-canaria","status":"publish","type":"post","link":"https:\/\/guianatura.net\/fr\/randonner-gran-canaria\/","title":{"rendered":"Randonner \u00e0 Gran Canaria"},"content":{"rendered":"<div id=\"pl-5704\"  class=\"panel-layout\" ><div id=\"pg-5704-0\"  class=\"panel-grid panel-no-style\" ><div id=\"pgc-5704-0-0\"  class=\"panel-grid-cell\" ><div id=\"panel-5704-0-0-0\" class=\"so-panel widget widget_sow-headline panel-first-child panel-last-child\" data-index=\"0\" ><div\n\t\t\t\n\t\t\tclass=\"so-widget-sow-headline so-widget-sow-headline-default-b2187095d7db-5704\"\n\t\t\t\n\t\t><div class=\"sow-headline-container \">\n\t<h1 class='sow-headline'>Randonner \u00e0 Gan Canaria<\/h1><h4 class='sow-sub-headline'>Itin\u00e9raires de randonn\u00e9e faciles et magnifiques \u00e0 Gran Canaria<\/h4><\/div><\/div><\/div><\/div><\/div><div id=\"pg-5704-1\"  class=\"panel-grid panel-no-style\" ><div id=\"pgc-5704-1-0\"  class=\"panel-grid-cell\" ><div id=\"panel-5704-1-0-0\" class=\"so-panel widget widget_sow-editor panel-first-child panel-last-child\" data-index=\"1\" ><div\n\t\t\t\n\t\t\tclass=\"so-widget-sow-editor so-widget-sow-editor-base\"\n\t\t\t\n\t\t>\n<div class=\"siteorigin-widget-tinymce textwidget\">\n\t<p>For\u00eats de pins, for\u00eats de lauriers, cascades, rochers sacr\u00e9s, plages sauvages et solitaires... Lorsque vous sortez des zones touristiques et urbaines, Gran Canaria est un <strong>paradis pour les randonneurs<\/strong>. Dans cet article, vous d\u00e9couvrirez des <strong>id\u00e9es de randonn\u00e9e<\/strong> \u00e0 Gran Canaria.<\/p>\n<\/div>\n<\/div><\/div><\/div><\/div><div id=\"pg-5704-2\"  class=\"panel-grid panel-no-style\" ><div id=\"pgc-5704-2-0\"  class=\"panel-grid-cell\" ><div id=\"panel-5704-2-0-0\" class=\"so-panel widget widget_sow-editor panel-first-child panel-last-child\" data-index=\"2\" ><div\n\t\t\t\n\t\t\tclass=\"so-widget-sow-editor so-widget-sow-editor-base\"\n\t\t\t\n\t\t>\n<div class=\"siteorigin-widget-tinymce textwidget\">\n\t<h4><strong>Roque Nublo<\/strong><\/h4>\n<p>La visite du rocher sacr\u00e9 est, sans aucun doute, <strong>l'itin\u00e9raire de randonn\u00e9e le plus populaire<\/strong> \u00e0 faire \u00e0 Gran Canaria. Cette roche volcanique de 80 m\u00e8tres de haut est \u00e9galement accompagn\u00e9e des rochers de <strong>La Rana<\/strong> et <strong>El Fraile<\/strong>. Une <span style=\"text-decoration: underline;\">randonn\u00e9e facile pour les enfants<\/span> avec pour r\u00e9compense des vues \u00e0 couper le souffle : le <strong>Pico de las Nieves<\/strong> et les for\u00eats de pins d'un c\u00f4t\u00e9 et le majestueux <strong>Teide<\/strong> avec l'Atlantique bleu de l'autre.<\/p>\n<ul>\n<li>Informations de base : difficult\u00e9 moyenne \u00e0 faible, 1,5 kilom\u00e8tres, 30 minutes dans chaque sens.<\/li>\n<li>Point de d\u00e9part : <a href=\"https:\/\/goo.gl\/maps\/HwhjRLoVMV5nUb6t5\" target=\"_blank\" rel=\"noopener\">parking sur la GC-600<\/a>.<\/li>\n<\/ul>\n<\/div>\n<\/div><\/div><\/div><\/div><div id=\"pg-5704-3\"  class=\"panel-grid panel-no-style\" ><div id=\"pgc-5704-3-0\"  class=\"panel-grid-cell\" ><div id=\"panel-5704-3-0-0\" class=\"so-panel widget widget_sow-image panel-first-child panel-last-child\" data-index=\"3\" ><div\n\t\t\t\n\t\t\tclass=\"so-widget-sow-image so-widget-sow-image-default-1914b985aea4-5704\"\n\t\t\t\n\t\t>\n\n<div class=\"sow-image-container\">\n\t\t<img src=\"https:\/\/guianatura.net\/wp-content\/uploads\/2021\/11\/Gran-Canaria-Roque-Nublo.jpg\" width=\"2446\" height=\"1766\" srcset=\"https:\/\/guianatura.net\/wp-content\/uploads\/2021\/11\/Gran-Canaria-Roque-Nublo.jpg 2446w, https:\/\/guianatura.net\/wp-content\/uploads\/2021\/11\/Gran-Canaria-Roque-Nublo-300x217.jpg 300w, https:\/\/guianatura.net\/wp-content\/uploads\/2021\/11\/Gran-Canaria-Roque-Nublo-1024x739.jpg 1024w, https:\/\/guianatura.net\/wp-content\/uploads\/2021\/11\/Gran-Canaria-Roque-Nublo-768x554.jpg 768w, https:\/\/guianatura.net\/wp-content\/uploads\/2021\/11\/Gran-Canaria-Roque-Nublo-1536x1109.jpg 1536w, https:\/\/guianatura.net\/wp-content\/uploads\/2021\/11\/Gran-Canaria-Roque-Nublo-2048x1479.jpg 2048w\" sizes=\"(max-width: 2446px) 100vw, 2446px\" title=\"randonneurs aux pieds des rochers de La Rana et Roque Nublo\" alt=\"\" \t\tclass=\"so-widget-image\"\/>\n\t<\/div>\n\n<\/div><\/div><\/div><\/div><div id=\"pg-5704-4\"  class=\"panel-grid panel-no-style\" ><div id=\"pgc-5704-4-0\"  class=\"panel-grid-cell\" ><div id=\"panel-5704-4-0-0\" class=\"so-panel widget widget_sow-editor panel-first-child panel-last-child\" data-index=\"4\" ><div\n\t\t\t\n\t\t\tclass=\"so-widget-sow-editor so-widget-sow-editor-base\"\n\t\t\t\n\t\t>\n<div class=\"siteorigin-widget-tinymce textwidget\">\n\t<h4><strong>Jard\u00edn Canario<\/strong><\/h4>\n<p>Situ\u00e9 dans le ravin de <strong>Barranco de Guiniguada<\/strong>, le jardin botanique Viera y Clavijo est un <span style=\"text-decoration: underline;\">merveilleux endroit pour une promenade avec des enfants<\/span> et l'un des lieux essentiels \u00e0 visiter \u00e0 <strong>Las Palmas de Gran Canaria<\/strong>. Les sentiers traversent des <span style=\"text-decoration: underline;\">centaines de plantes des \u00eeles Canaries et des esp\u00e8ces end\u00e9miques de la Macaron\u00e9sie<\/span>. Euphorbes canariennes, palmiers, arbres de la laurisylve, dragonniers et pins des Canaries sont rejoints par des fontaines, des cascades et des \u00e9tangs dans un cadre tr\u00e8s pittoresque.<\/p>\n<ul>\n<li>Informations de base : entr\u00e9e gratuite. Heures d'ouverture : de 9 h \u00e0 18 h et jusqu'\u00e0 19 h entre avril et septembre.<\/li>\n<li>Point de d\u00e9part : <a href=\"https:\/\/goo.gl\/maps\/BzhPc6myN2LUeYVy8\" target=\"_blank\" rel=\"noopener\">acc\u00e8s au site sur de la route GC-110<\/a>.<\/li>\n<\/ul>\n<\/div>\n<\/div><\/div><\/div><\/div><div id=\"pg-5704-5\"  class=\"panel-grid panel-no-style\" ><div id=\"pgc-5704-5-0\"  class=\"panel-grid-cell\" ><div id=\"panel-5704-5-0-0\" class=\"so-panel widget widget_sow-editor panel-first-child panel-last-child\" data-index=\"5\" ><div\n\t\t\t\n\t\t\tclass=\"so-widget-sow-editor so-widget-sow-editor-base\"\n\t\t\t\n\t\t>\n<div class=\"siteorigin-widget-tinymce textwidget\">\n\t<blockquote style=\"border-color: #85a657;\">\n<p><strong>Sabin Berthelot<\/strong>, naturaliste et ethnologue fran\u00e7ais (1794-1880), se trouve dans la source des sages du jardin canarien (<strong>Jardin Canario<\/strong>).<\/p>\n<\/blockquote>\n<\/div>\n<\/div><\/div><\/div><\/div><div id=\"pg-5704-6\"  class=\"panel-grid panel-no-style\" ><div id=\"pgc-5704-6-0\"  class=\"panel-grid-cell\" ><div id=\"panel-5704-6-0-0\" class=\"so-panel widget widget_sow-image panel-first-child panel-last-child\" data-index=\"6\" ><div\n\t\t\t\n\t\t\tclass=\"so-widget-sow-image so-widget-sow-image-default-1914b985aea4-5704\"\n\t\t\t\n\t\t>\n\n<div class=\"sow-image-container\">\n\t\t<img src=\"https:\/\/guianatura.net\/wp-content\/uploads\/2021\/11\/Jardin-canario-scaled.jpg\" width=\"2560\" height=\"1702\" srcset=\"https:\/\/guianatura.net\/wp-content\/uploads\/2021\/11\/Jardin-canario-scaled.jpg 2560w, https:\/\/guianatura.net\/wp-content\/uploads\/2021\/11\/Jardin-canario-300x199.jpg 300w, https:\/\/guianatura.net\/wp-content\/uploads\/2021\/11\/Jardin-canario-1024x681.jpg 1024w, https:\/\/guianatura.net\/wp-content\/uploads\/2021\/11\/Jardin-canario-768x511.jpg 768w, https:\/\/guianatura.net\/wp-content\/uploads\/2021\/11\/Jardin-canario-1536x1021.jpg 1536w, https:\/\/guianatura.net\/wp-content\/uploads\/2021\/11\/Jardin-canario-2048x1362.jpg 2048w, https:\/\/guianatura.net\/wp-content\/uploads\/2021\/11\/Jardin-canario-720x480.jpg 720w, https:\/\/guianatura.net\/wp-content\/uploads\/2021\/11\/Jardin-canario-272x182.jpg 272w\" sizes=\"(max-width: 2560px) 100vw, 2560px\" title=\"une promenade dans le jardin canarien permet de d\u00e9couvrir la flore canarienne dans toute sa splendeur\" alt=\"\" \t\tclass=\"so-widget-image\"\/>\n\t<\/div>\n\n<\/div><\/div><\/div><\/div><div id=\"pg-5704-7\"  class=\"panel-grid panel-no-style\" ><div id=\"pgc-5704-7-0\"  class=\"panel-grid-cell\" ><div id=\"panel-5704-7-0-0\" class=\"so-panel widget widget_sow-editor panel-first-child panel-last-child\" data-index=\"7\" ><div\n\t\t\t\n\t\t\tclass=\"so-widget-sow-editor so-widget-sow-editor-base\"\n\t\t\t\n\t\t>\n<div class=\"siteorigin-widget-tinymce textwidget\">\n\t<h4><strong>Barranco de los Cern\u00edcalos<\/strong><\/h4>\n<p>Accessible \u00e0 tous les niveaux, le Barranco de los Cern\u00edcalos est <span style=\"text-decoration: underline;\">l'un des plus beaux itin\u00e9raires<\/span> de randonn\u00e9e de Gran Canaria. Ici, le protagoniste est l'eau qui coule dans le canal d'irrigation et ses <span style=\"text-decoration: underline;\">3 cascades<\/span>. Cet <strong>endroit magique<\/strong> fait partie de la r\u00e9serve naturelle sp\u00e9ciale de <strong>Los Marteles<\/strong> et a \u00e9galement \u00e9t\u00e9 d\u00e9clar\u00e9 <strong>paysage prot\u00e9g\u00e9 du Lomo Magullo<\/strong>.<\/p>\n<p>Il est \u00e0 noter que <span style=\"text-decoration: underline;\">la section la plus exigeante commence apr\u00e8s avoir vu la premi\u00e8re chute d'eau<\/span>. Il s'agit d'une pente raide en terre qui complique le chemin \u00e0 la fois \u00e0 la mont\u00e9e... et \u00e0 la descente. Cependant, le simple fait d'arriver \u00e0 cette premi\u00e8re chute d'eau vaut la peine.<\/p>\n<ul>\n<li>Informations de base : difficult\u00e9 moyenne \u00e0 faible, 4 kilom\u00e8tres aller-retour, dur\u00e9e : 2 - 3 heures.<\/li>\n<li>Point de d\u00e9part : <a href=\"https:\/\/goo.gl\/maps\/HTaRsARFJtFR9SPX6\" target=\"_blank\" rel=\"noopener\">parking de l'aire de pique-nique Los Arenales \u00e0 Lomo Magullo \u00e0 Telde<\/a>.<\/li>\n<\/ul>\n<\/div>\n<\/div><\/div><\/div><\/div><div id=\"pg-5704-8\"  class=\"panel-grid panel-no-style\" ><div id=\"pgc-5704-8-0\"  class=\"panel-grid-cell\" ><div id=\"panel-5704-8-0-0\" class=\"so-panel widget widget_sow-image panel-first-child panel-last-child\" data-index=\"8\" ><div\n\t\t\t\n\t\t\tclass=\"so-widget-sow-image so-widget-sow-image-default-1914b985aea4-5704\"\n\t\t\t\n\t\t>\n\n<div class=\"sow-image-container\">\n\t\t<img src=\"https:\/\/guianatura.net\/wp-content\/uploads\/2021\/11\/Barranco-Los-Cernicalos-scaled.jpg\" width=\"2560\" height=\"1920\" srcset=\"https:\/\/guianatura.net\/wp-content\/uploads\/2021\/11\/Barranco-Los-Cernicalos-scaled.jpg 2560w, https:\/\/guianatura.net\/wp-content\/uploads\/2021\/11\/Barranco-Los-Cernicalos-300x225.jpg 300w, https:\/\/guianatura.net\/wp-content\/uploads\/2021\/11\/Barranco-Los-Cernicalos-1024x768.jpg 1024w, https:\/\/guianatura.net\/wp-content\/uploads\/2021\/11\/Barranco-Los-Cernicalos-768x576.jpg 768w, https:\/\/guianatura.net\/wp-content\/uploads\/2021\/11\/Barranco-Los-Cernicalos-1536x1152.jpg 1536w, https:\/\/guianatura.net\/wp-content\/uploads\/2021\/11\/Barranco-Los-Cernicalos-2048x1536.jpg 2048w\" sizes=\"(max-width: 2560px) 100vw, 2560px\" title=\"paysage canarien du Barranco de Los Cern\u00edcalos\" alt=\"\" \t\tclass=\"so-widget-image\"\/>\n\t<\/div>\n\n<\/div><\/div><\/div><\/div><div id=\"pg-5704-9\"  class=\"panel-grid panel-no-style\" ><div id=\"pgc-5704-9-0\"  class=\"panel-grid-cell\" ><div id=\"panel-5704-9-0-0\" class=\"so-panel widget widget_sow-editor panel-first-child panel-last-child\" data-index=\"9\" ><div\n\t\t\t\n\t\t\tclass=\"so-widget-sow-editor so-widget-sow-editor-base\"\n\t\t\t\n\t\t>\n<div class=\"siteorigin-widget-tinymce textwidget\">\n\t<h4><strong>Plage de G\u00fcig\u00fci<\/strong><\/h4>\n<p>Ne convenant qu'aux <span style=\"text-decoration: underline;\">randonneurs les plus exp\u00e9riment\u00e9s<\/span>, l'itin\u00e9raire <strong>G\u00fci G\u00fci<\/strong> est l'une des randonn\u00e9es <span style=\"text-decoration: underline;\">les plus exigeantes de l'\u00eele<\/span>. Un sentier qui commence dans le village de <strong>Tasartico<\/strong> et, bien qu'il ne soit pas tr\u00e8s long, il y a des pentes raides \u00e0 surmonter. Elle est bien indiqu\u00e9e et la r\u00e9compense est grande : l'une des meilleures plages de Gran Canaria.<\/p>\n<p>De plus, la r\u00e9compense pour la visite de cette crique sauvage et intacte est double, car \u00e0 c\u00f4t\u00e9 de la plage de G\u00fci G\u00fci Grande se trouve une autre petite plage parall\u00e8le qui peut \u00eatre atteinte \u00e0 mar\u00e9e basse.<\/p>\n<ul>\n<li>Informations de base : difficult\u00e9 \u00e9lev\u00e9e, 5 kilom\u00e8tres aller, dur\u00e9e environ 2 heures pour l'aller. Vous devez revenir par le m\u00eame chemin.<\/li>\n<li>Point de d\u00e9part : <a href=\"https:\/\/goo.gl\/maps\/JN2S1sxw9vXUBdy17\" target=\"_blank\" rel=\"noopener\">chemin de terre balis\u00e9e \u00e0 Tasartico<\/a>.<\/li>\n<\/ul>\n<\/div>\n<\/div><\/div><\/div><\/div><div id=\"pg-5704-10\"  class=\"panel-grid panel-no-style\" ><div id=\"pgc-5704-10-0\"  class=\"panel-grid-cell\" ><div id=\"panel-5704-10-0-0\" class=\"so-panel widget widget_sow-image panel-first-child panel-last-child\" data-index=\"10\" ><div\n\t\t\t\n\t\t\tclass=\"so-widget-sow-image so-widget-sow-image-default-1914b985aea4-5704\"\n\t\t\t\n\t\t>\n\n<div class=\"sow-image-container\">\n\t\t<img src=\"https:\/\/guianatura.net\/wp-content\/uploads\/2021\/11\/Plage-de-Guigui-scaled.jpg\" width=\"2560\" height=\"1920\" srcset=\"https:\/\/guianatura.net\/wp-content\/uploads\/2021\/11\/Plage-de-Guigui-scaled.jpg 2560w, https:\/\/guianatura.net\/wp-content\/uploads\/2021\/11\/Plage-de-Guigui-300x225.jpg 300w, https:\/\/guianatura.net\/wp-content\/uploads\/2021\/11\/Plage-de-Guigui-1024x768.jpg 1024w, https:\/\/guianatura.net\/wp-content\/uploads\/2021\/11\/Plage-de-Guigui-768x576.jpg 768w, https:\/\/guianatura.net\/wp-content\/uploads\/2021\/11\/Plage-de-Guigui-1536x1152.jpg 1536w, https:\/\/guianatura.net\/wp-content\/uploads\/2021\/11\/Plage-de-Guigui-2048x1536.jpg 2048w\" sizes=\"(max-width: 2560px) 100vw, 2560px\" title=\"la plage de G\u00fcig\u00fci, un endroit bien m\u00e9rit\u00e9 apr\u00e8s une longue marche\" alt=\"\" \t\tclass=\"so-widget-image\"\/>\n\t<\/div>\n\n<\/div><\/div><\/div><\/div><div id=\"pg-5704-11\"  class=\"panel-grid panel-no-style\" ><div id=\"pgc-5704-11-0\"  class=\"panel-grid-cell\" ><div id=\"panel-5704-11-0-0\" class=\"so-panel widget widget_sow-editor panel-first-child panel-last-child\" data-index=\"11\" ><div\n\t\t\t\n\t\t\tclass=\"so-widget-sow-editor so-widget-sow-editor-base\"\n\t\t\t\n\t\t>\n<div class=\"siteorigin-widget-tinymce textwidget\">\n\t<h4><strong>Plage de G\u00fcig\u00fci en bateau<\/strong><\/h4>\n<p>Une autre option pour se rendre sur cette plage isol\u00e9e est de faire une de ces <span style=\"text-decoration: underline;\">excursions en bateau<\/span> avec lesquelles vous pouvez \u00e9galement voir des <span style=\"text-decoration: underline;\">dauphins et d'autres c\u00e9tac\u00e9s<\/span> dans les eaux de <strong>Gran Canaria<\/strong>.<\/p>\n<\/div>\n<\/div><\/div><\/div><\/div><div id=\"pg-5704-12\"  class=\"panel-grid panel-no-style\" ><div id=\"pgc-5704-12-0\"  class=\"panel-grid-cell\" ><div id=\"panel-5704-12-0-0\" class=\"so-panel widget widget_sow-image panel-first-child panel-last-child\" data-index=\"12\" ><div\n\t\t\t\n\t\t\tclass=\"so-widget-sow-image so-widget-sow-image-default-1914b985aea4-5704\"\n\t\t\t\n\t\t>\n\n<div class=\"sow-image-container\">\n\t\t<img src=\"https:\/\/guianatura.net\/wp-content\/uploads\/2021\/11\/Cetaces-scaled.jpg\" width=\"2560\" height=\"1920\" srcset=\"https:\/\/guianatura.net\/wp-content\/uploads\/2021\/11\/Cetaces-scaled.jpg 2560w, https:\/\/guianatura.net\/wp-content\/uploads\/2021\/11\/Cetaces-300x225.jpg 300w, https:\/\/guianatura.net\/wp-content\/uploads\/2021\/11\/Cetaces-1024x768.jpg 1024w, https:\/\/guianatura.net\/wp-content\/uploads\/2021\/11\/Cetaces-768x576.jpg 768w, https:\/\/guianatura.net\/wp-content\/uploads\/2021\/11\/Cetaces-1536x1152.jpg 1536w, https:\/\/guianatura.net\/wp-content\/uploads\/2021\/11\/Cetaces-2048x1536.jpg 2048w\" sizes=\"(max-width: 2560px) 100vw, 2560px\" title=\"une autre options est de profiter d&#039;une sortie en mer pour aller \u00e0 la plage de G\u00fcig\u00fci\" alt=\"\" \t\tclass=\"so-widget-image\"\/>\n\t<\/div>\n\n<\/div><\/div><\/div><\/div><div id=\"pg-5704-13\"  class=\"panel-grid panel-no-style\" ><div id=\"pgc-5704-13-0\"  class=\"panel-grid-cell\" ><div id=\"panel-5704-13-0-0\" class=\"so-panel widget widget_sow-editor panel-first-child panel-last-child\" data-index=\"13\" ><div\n\t\t\t\n\t\t\tclass=\"so-widget-sow-editor so-widget-sow-editor-base\"\n\t\t\t\n\t\t>\n<div class=\"siteorigin-widget-tinymce textwidget\">\n\t<p>photo de haut de page : El Roque Nublo,La Rana y El Fraile<br \/>\nauteur : Ricardo SB<br \/>\nlicence Creative Commons : CC BY-SA 2.0 <a href=\"https:\/\/creativecommons.org\/licenses\/by-sa\/2.0\/\" target=\"_blank\" rel=\"noopener noreferrer\">https:\/\/creativecommons.org\/licenses\/by-sa\/2.0\/<\/a><br \/>\nsource : <a href=\"https:\/\/www.flickr.com\/photos\/azuaje\/7825574560\" target=\"_blank\" rel=\"noopener noreferrer\">https:\/\/www.flickr.com\/photos\/azuaje\/7825574560<\/a><\/p>\n<\/div>\n<\/div><\/div><\/div><\/div><div id=\"pg-5704-14\"  class=\"panel-grid panel-no-style\" ><div id=\"pgc-5704-14-0\"  class=\"panel-grid-cell\" ><div id=\"panel-5704-14-0-0\" class=\"so-panel widget widget_sow-social-media-buttons panel-first-child panel-last-child\" data-index=\"14\" ><div\n\t\t\t\n\t\t\tclass=\"so-widget-sow-social-media-buttons so-widget-sow-social-media-buttons-flat-f678a2937e0e-5704\"\n\t\t\t\n\t\t>\n\n<div class=\"social-media-button-container\">\n\t\n\t\t<a class=\"ow-button-hover sow-social-media-button-envelope-0 sow-social-media-button\" title=\"Remplissez un formulaire de contact\" aria-label=\"Remplissez un formulaire de contact\" href=\"http:\/\/guianatura.net\/fr\/contact\/\" >\n\t\t\t<span>\n\t\t\t\t\t\t\t\t<span class=\"sow-icon-fontawesome sow-fas\" data-sow-icon=\"&#xf0e0;\"\n\t\t \n\t\taria-hidden=\"true\"><\/span>\t\t\t\t\t\t\t<\/span>\n\t\t<\/a>\n\t\n\t\t<a class=\"ow-button-hover sow-social-media-button-phone-0 sow-social-media-button\" title=\"Contactez-nous par t\u00e9l\u00e9phone\" aria-label=\"Contactez-nous par t\u00e9l\u00e9phone\" href=\"tel:0034686319035\" >\n\t\t\t<span>\n\t\t\t\t\t\t\t\t<span class=\"sow-icon-fontawesome sow-fas\" data-sow-icon=\"&#xf095;\"\n\t\t \n\t\taria-hidden=\"true\"><\/span>\t\t\t\t\t\t\t<\/span>\n\t\t<\/a>\n\t\n\t\t<a class=\"ow-button-hover sow-social-media-button-whatsapp-0 sow-social-media-button\" title=\"Contactez-nous par WhatsApp\" aria-label=\"Contactez-nous par WhatsApp\" href=\"https:\/\/wa.me\/34686319035?text=Je%20suis%20int%C3%A9ress%C3%A9(e)%20par%20les%20services%20de%20GuiaNatura%20EcoTourisme\" >\n\t\t\t<span>\n\t\t\t\t\t\t\t\t<span class=\"sow-icon-fontawesome sow-fab\" data-sow-icon=\"&#xf232;\"\n\t\t \n\t\taria-hidden=\"true\"><\/span>\t\t\t\t\t\t\t<\/span>\n\t\t<\/a>\n\t<\/div>\n<\/div><\/div><\/div><div id=\"pgc-5704-14-1\"  class=\"panel-grid-cell panel-grid-cell-empty\" ><\/div><div id=\"pgc-5704-14-2\"  class=\"panel-grid-cell\" ><div id=\"panel-5704-14-2-0\" class=\"so-panel widget widget_sow-social-media-buttons panel-first-child panel-last-child\" data-index=\"15\" ><div\n\t\t\t\n\t\t\tclass=\"so-widget-sow-social-media-buttons so-widget-sow-social-media-buttons-flat-a19c3ae2759a-5704\"\n\t\t\t\n\t\t>\n\n<div class=\"social-media-button-container\">\n\t\n\t\t<a class=\"ow-button-hover sow-social-media-button-facebook-0 sow-social-media-button\" title=\"Partager sur Facebook\" aria-label=\"Partager sur Facebook\" target=\"_blank\" rel=\"noopener noreferrer\" href=\"https:\/\/www.facebook.com\/sharer\/sharer.php?kid_directed_site=0&#038;sdk=joey&#038;u=http%3A%2F%2Fguianatura.net%2Ffr%2Ftourisme-solidaire-aux-canaries%2F&#038;display=popup&#038;ref=plugin&#038;src=share_button\" >\n\t\t\t<span>\n\t\t\t\t\t\t\t\t<span class=\"sow-icon-fontawesome sow-fab\" data-sow-icon=\"&#xf39e;\"\n\t\t \n\t\taria-hidden=\"true\"><\/span>\t\t\t\t\t\t\t<\/span>\n\t\t<\/a>\n\t\n\t\t<a class=\"ow-button-hover sow-social-media-button-twitter-0 sow-social-media-button\" title=\"Partager sur Twitter\" aria-label=\"Partager sur Twitter\" target=\"_blank\" rel=\"noopener noreferrer\" href=\"https:\/\/twitter.com\/intent\/tweet?original_referer=http%3A%2F%2Fguianatura.net%2Ffr%2Ftourisme-solidaire-aux-canaries%2F&#038;ref_src=twsrc%5Etfw&#038;tw_p=tweetbutton&#038;url=http%3A%2F%2Fguianatura.net%2Ffr%2Ftourisme-solidaire-aux-canaries%2F\" >\n\t\t\t<span>\n\t\t\t\t\t\t\t\t<span class=\"sow-icon-fontawesome sow-fab\" data-sow-icon=\"&#xf099;\"\n\t\t \n\t\taria-hidden=\"true\"><\/span>\t\t\t\t\t\t\t<\/span>\n\t\t<\/a>\n\t<\/div>\n<\/div><\/div><\/div><\/div><\/div>","protected":false},"excerpt":{"rendered":"<p>For\u00eats de pins, for\u00eats de lauriers, cascades, rochers sacr\u00e9s, plages sauvages et solitaires&#8230; Lorsque vous sortez des zones touristiques et urbaines, Gran Canaria est un paradis pour les randonneurs. Dans [&hellip;]<\/p>\n","protected":false},"author":4,"featured_media":5708,"comment_status":"closed","ping_status":"closed","sticky":false,"template":"","format":"standard","meta":[],"categories":[21],"tags":[],"yoast_head":"<!-- This site is optimized with the Yoast SEO plugin v20.0 - https:\/\/yoast.com\/wordpress\/plugins\/seo\/ -->\n<title>Randonner \u00e0 Gran Canaria<\/title>\n<meta name=\"description\" content=\"Vous pouvez trouver de belles randonn\u00e9es sur l&#039;\u00eele de Gran Canaria. En voici plusieurs d&#039;entre elles pour profiter au mieux et d\u00e9couvrir.\" \/>\n<meta name=\"robots\" content=\"index, follow, max-snippet:-1, max-image-preview:large, max-video-preview:-1\" \/>\n<link rel=\"canonical\" href=\"https:\/\/guianatura.net\/fr\/randonner-gran-canaria\/\" \/>\n<meta property=\"og:locale\" content=\"fr_FR\" \/>\n<meta property=\"og:type\" content=\"article\" \/>\n<meta property=\"og:title\" content=\"Randonner \u00e0 Gran Canaria\" \/>\n<meta property=\"og:description\" content=\"Vous pouvez trouver de belles randonn\u00e9es sur l&#039;\u00eele de Gran Canaria. En voici plusieurs d&#039;entre elles pour profiter au mieux et d\u00e9couvrir.\" \/>\n<meta property=\"og:url\" content=\"https:\/\/guianatura.net\/fr\/randonner-gran-canaria\/\" \/>\n<meta property=\"og:site_name\" content=\"GuiaNatura EcoTourism\" \/>\n<meta property=\"article:publisher\" content=\"https:\/\/www.facebook.com\/GuiaNaturaEco\/\" \/>\n<meta property=\"article:published_time\" content=\"2021-11-01T19:40:26+00:00\" \/>\n<meta property=\"og:image\" content=\"https:\/\/guianatura.net\/wp-content\/uploads\/2021\/11\/Gran-Canaria-Roque-Nublo-El-Fraile-La-Rana.jpg\" \/>\n\t<meta property=\"og:image:width\" content=\"1024\" \/>\n\t<meta property=\"og:image:height\" content=\"662\" \/>\n\t<meta property=\"og:image:type\" content=\"image\/jpeg\" \/>\n<meta name=\"author\" content=\"Jean Guy Le Roux\" \/>\n<meta name=\"twitter:card\" content=\"summary_large_image\" \/>\n<meta name=\"twitter:creator\" content=\"@GuiaNaturaEco\" \/>\n<meta name=\"twitter:site\" content=\"@GuiaNaturaEco\" \/>\n<meta name=\"twitter:label1\" content=\"\u00c9crit par\" \/>\n\t<meta name=\"twitter:data1\" content=\"Jean Guy Le Roux\" \/>\n\t<meta name=\"twitter:label2\" content=\"Dur\u00e9e de lecture estim\u00e9e\" \/>\n\t<meta name=\"twitter:data2\" content=\"3 minutes\" \/>\n<script type=\"application\/ld+json\" class=\"yoast-schema-graph\">{\"@context\":\"https:\/\/schema.org\",\"@graph\":[{\"@type\":\"Article\",\"@id\":\"https:\/\/guianatura.net\/fr\/randonner-gran-canaria\/#article\",\"isPartOf\":{\"@id\":\"https:\/\/guianatura.net\/fr\/randonner-gran-canaria\/\"},\"author\":{\"name\":\"Jean Guy Le Roux\",\"@id\":\"https:\/\/guianatura.net\/#\/schema\/person\/0ebd59cb9ab077f84e97178f7679cad2\"},\"headline\":\"Randonner \u00e0 Gran Canaria\",\"datePublished\":\"2021-11-01T19:40:26+00:00\",\"dateModified\":\"2021-11-01T19:40:26+00:00\",\"mainEntityOfPage\":{\"@id\":\"https:\/\/guianatura.net\/fr\/randonner-gran-canaria\/\"},\"wordCount\":735,\"publisher\":{\"@id\":\"https:\/\/guianatura.net\/#organization\"},\"articleSection\":[\"Randonn\u00e9e\"],\"inLanguage\":\"fr-FR\"},{\"@type\":\"WebPage\",\"@id\":\"https:\/\/guianatura.net\/fr\/randonner-gran-canaria\/\",\"url\":\"https:\/\/guianatura.net\/fr\/randonner-gran-canaria\/\",\"name\":\"Randonner \u00e0 Gran Canaria\",\"isPartOf\":{\"@id\":\"https:\/\/guianatura.net\/#website\"},\"datePublished\":\"2021-11-01T19:40:26+00:00\",\"dateModified\":\"2021-11-01T19:40:26+00:00\",\"description\":\"Vous pouvez trouver de belles randonn\u00e9es sur l'\u00eele de Gran Canaria. En voici plusieurs d'entre elles pour profiter au mieux et d\u00e9couvrir.\",\"breadcrumb\":{\"@id\":\"https:\/\/guianatura.net\/fr\/randonner-gran-canaria\/#breadcrumb\"},\"inLanguage\":\"fr-FR\",\"potentialAction\":[{\"@type\":\"ReadAction\",\"target\":[\"https:\/\/guianatura.net\/fr\/randonner-gran-canaria\/\"]}]},{\"@type\":\"BreadcrumbList\",\"@id\":\"https:\/\/guianatura.net\/fr\/randonner-gran-canaria\/#breadcrumb\",\"itemListElement\":[{\"@type\":\"ListItem\",\"position\":1,\"name\":\"Portada\",\"item\":\"https:\/\/guianatura.net\/fr\/\"},{\"@type\":\"ListItem\",\"position\":2,\"name\":\"Randonner \u00e0 Gran Canaria\"}]},{\"@type\":\"WebSite\",\"@id\":\"https:\/\/guianatura.net\/#website\",\"url\":\"https:\/\/guianatura.net\/\",\"name\":\"GuiaNatura Eco Tur\u00edsmo\",\"description\":\"\",\"publisher\":{\"@id\":\"https:\/\/guianatura.net\/#organization\"},\"potentialAction\":[{\"@type\":\"SearchAction\",\"target\":{\"@type\":\"EntryPoint\",\"urlTemplate\":\"https:\/\/guianatura.net\/?s={search_term_string}\"},\"query-input\":\"required name=search_term_string\"}],\"inLanguage\":\"fr-FR\"},{\"@type\":\"Organization\",\"@id\":\"https:\/\/guianatura.net\/#organization\",\"name\":\"GuiaNatura EcoTurismo\",\"url\":\"https:\/\/guianatura.net\/\",\"logo\":{\"@type\":\"ImageObject\",\"inLanguage\":\"fr-FR\",\"@id\":\"https:\/\/guianatura.net\/#\/schema\/logo\/image\/\",\"url\":\"https:\/\/guianatura.net\/wp-content\/uploads\/2018\/12\/cropped-logo-guia-natura-tenerife.png\",\"contentUrl\":\"https:\/\/guianatura.net\/wp-content\/uploads\/2018\/12\/cropped-logo-guia-natura-tenerife.png\",\"width\":40,\"height\":40,\"caption\":\"GuiaNatura EcoTurismo\"},\"image\":{\"@id\":\"https:\/\/guianatura.net\/#\/schema\/logo\/image\/\"},\"sameAs\":[\"https:\/\/www.instagram.com\/guianaturaeco\/\",\"https:\/\/www.youtube.com\/channel\/UC6nwq5XuV5WeeYtcnHIZIAQ\",\"https:\/\/www.facebook.com\/GuiaNaturaEco\/\",\"https:\/\/twitter.com\/GuiaNaturaEco\"]},{\"@type\":\"Person\",\"@id\":\"https:\/\/guianatura.net\/#\/schema\/person\/0ebd59cb9ab077f84e97178f7679cad2\",\"name\":\"Jean Guy Le Roux\",\"image\":{\"@type\":\"ImageObject\",\"inLanguage\":\"fr-FR\",\"@id\":\"https:\/\/guianatura.net\/#\/schema\/person\/image\/\",\"url\":\"https:\/\/secure.gravatar.com\/avatar\/89023753a9ed385925bc8e3b1085fb65?s=96&d=mm&r=g\",\"contentUrl\":\"https:\/\/secure.gravatar.com\/avatar\/89023753a9ed385925bc8e3b1085fb65?s=96&d=mm&r=g\",\"caption\":\"Jean Guy Le Roux\"}}]}<\/script>\n<!-- \/ Yoast SEO plugin. -->","yoast_head_json":{"title":"Randonner \u00e0 Gran Canaria","description":"Vous pouvez trouver de belles randonn\u00e9es sur l'\u00eele de Gran Canaria. En voici plusieurs d'entre elles pour profiter au mieux et d\u00e9couvrir.","robots":{"index":"index","follow":"follow","max-snippet":"max-snippet:-1","max-image-preview":"max-image-preview:large","max-video-preview":"max-video-preview:-1"},"canonical":"https:\/\/guianatura.net\/fr\/randonner-gran-canaria\/","og_locale":"fr_FR","og_type":"article","og_title":"Randonner \u00e0 Gran Canaria","og_description":"Vous pouvez trouver de belles randonn\u00e9es sur l'\u00eele de Gran Canaria. En voici plusieurs d'entre elles pour profiter au mieux et d\u00e9couvrir.","og_url":"https:\/\/guianatura.net\/fr\/randonner-gran-canaria\/","og_site_name":"GuiaNatura EcoTourism","article_publisher":"https:\/\/www.facebook.com\/GuiaNaturaEco\/","article_published_time":"2021-11-01T19:40:26+00:00","og_image":[{"width":1024,"height":662,"url":"https:\/\/guianatura.net\/wp-content\/uploads\/2021\/11\/Gran-Canaria-Roque-Nublo-El-Fraile-La-Rana.jpg","type":"image\/jpeg"}],"author":"Jean Guy Le Roux","twitter_card":"summary_large_image","twitter_creator":"@GuiaNaturaEco","twitter_site":"@GuiaNaturaEco","twitter_misc":{"\u00c9crit par":"Jean Guy Le Roux","Dur\u00e9e de lecture estim\u00e9e":"3 minutes"},"schema":{"@context":"https:\/\/schema.org","@graph":[{"@type":"Article","@id":"https:\/\/guianatura.net\/fr\/randonner-gran-canaria\/#article","isPartOf":{"@id":"https:\/\/guianatura.net\/fr\/randonner-gran-canaria\/"},"author":{"name":"Jean Guy Le Roux","@id":"https:\/\/guianatura.net\/#\/schema\/person\/0ebd59cb9ab077f84e97178f7679cad2"},"headline":"Randonner \u00e0 Gran Canaria","datePublished":"2021-11-01T19:40:26+00:00","dateModified":"2021-11-01T19:40:26+00:00","mainEntityOfPage":{"@id":"https:\/\/guianatura.net\/fr\/randonner-gran-canaria\/"},"wordCount":735,"publisher":{"@id":"https:\/\/guianatura.net\/#organization"},"articleSection":["Randonn\u00e9e"],"inLanguage":"fr-FR"},{"@type":"WebPage","@id":"https:\/\/guianatura.net\/fr\/randonner-gran-canaria\/","url":"https:\/\/guianatura.net\/fr\/randonner-gran-canaria\/","name":"Randonner \u00e0 Gran Canaria","isPartOf":{"@id":"https:\/\/guianatura.net\/#website"},"datePublished":"2021-11-01T19:40:26+00:00","dateModified":"2021-11-01T19:40:26+00:00","description":"Vous pouvez trouver de belles randonn\u00e9es sur l'\u00eele de Gran Canaria. En voici plusieurs d'entre elles pour profiter au mieux et d\u00e9couvrir.","breadcrumb":{"@id":"https:\/\/guianatura.net\/fr\/randonner-gran-canaria\/#breadcrumb"},"inLanguage":"fr-FR","potentialAction":[{"@type":"ReadAction","target":["https:\/\/guianatura.net\/fr\/randonner-gran-canaria\/"]}]},{"@type":"BreadcrumbList","@id":"https:\/\/guianatura.net\/fr\/randonner-gran-canaria\/#breadcrumb","itemListElement":[{"@type":"ListItem","position":1,"name":"Portada","item":"https:\/\/guianatura.net\/fr\/"},{"@type":"ListItem","position":2,"name":"Randonner \u00e0 Gran Canaria"}]},{"@type":"WebSite","@id":"https:\/\/guianatura.net\/#website","url":"https:\/\/guianatura.net\/","name":"GuiaNatura Eco Tur\u00edsmo","description":"","publisher":{"@id":"https:\/\/guianatura.net\/#organization"},"potentialAction":[{"@type":"SearchAction","target":{"@type":"EntryPoint","urlTemplate":"https:\/\/guianatura.net\/?s={search_term_string}"},"query-input":"required name=search_term_string"}],"inLanguage":"fr-FR"},{"@type":"Organization","@id":"https:\/\/guianatura.net\/#organization","name":"GuiaNatura EcoTurismo","url":"https:\/\/guianatura.net\/","logo":{"@type":"ImageObject","inLanguage":"fr-FR","@id":"https:\/\/guianatura.net\/#\/schema\/logo\/image\/","url":"https:\/\/guianatura.net\/wp-content\/uploads\/2018\/12\/cropped-logo-guia-natura-tenerife.png","contentUrl":"https:\/\/guianatura.net\/wp-content\/uploads\/2018\/12\/cropped-logo-guia-natura-tenerife.png","width":40,"height":40,"caption":"GuiaNatura EcoTurismo"},"image":{"@id":"https:\/\/guianatura.net\/#\/schema\/logo\/image\/"},"sameAs":["https:\/\/www.instagram.com\/guianaturaeco\/","https:\/\/www.youtube.com\/channel\/UC6nwq5XuV5WeeYtcnHIZIAQ","https:\/\/www.facebook.com\/GuiaNaturaEco\/","https:\/\/twitter.com\/GuiaNaturaEco"]},{"@type":"Person","@id":"https:\/\/guianatura.net\/#\/schema\/person\/0ebd59cb9ab077f84e97178f7679cad2","name":"Jean Guy Le Roux","image":{"@type":"ImageObject","inLanguage":"fr-FR","@id":"https:\/\/guianatura.net\/#\/schema\/person\/image\/","url":"https:\/\/secure.gravatar.com\/avatar\/89023753a9ed385925bc8e3b1085fb65?s=96&d=mm&r=g","contentUrl":"https:\/\/secure.gravatar.com\/avatar\/89023753a9ed385925bc8e3b1085fb65?s=96&d=mm&r=g","caption":"Jean Guy Le Roux"}}]}},"_links":{"self":[{"href":"https:\/\/guianatura.net\/fr\/wp-json\/wp\/v2\/posts\/5704\/"}],"collection":[{"href":"https:\/\/guianatura.net\/fr\/wp-json\/wp\/v2\/posts\/"}],"about":[{"href":"https:\/\/guianatura.net\/fr\/wp-json\/wp\/v2\/types\/post\/"}],"author":[{"embeddable":true,"href":"https:\/\/guianatura.net\/fr\/wp-json\/wp\/v2\/users\/4\/"}],"replies":[{"embeddable":true,"href":"https:\/\/guianatura.net\/fr\/wp-json\/wp\/v2\/comments\/?post=5704"}],"version-history":[{"count":31,"href":"https:\/\/guianatura.net\/fr\/wp-json\/wp\/v2\/posts\/5704\/revisions\/"}],"predecessor-version":[{"id":5753,"href":"https:\/\/guianatura.net\/fr\/wp-json\/wp\/v2\/posts\/5704\/revisions\/5753\/"}],"wp:featuredmedia":[{"embeddable":true,"href":"https:\/\/guianatura.net\/fr\/wp-json\/wp\/v2\/media\/5708\/"}],"wp:attachment":[{"href":"https:\/\/guianatura.net\/fr\/wp-json\/wp\/v2\/media\/?parent=5704"}],"wp:term":[{"taxonomy":"category","embeddable":true,"href":"https:\/\/guianatura.net\/fr\/wp-json\/wp\/v2\/categories\/?post=5704"},{"taxonomy":"post_tag","embeddable":true,"href":"https:\/\/guianatura.net\/fr\/wp-json\/wp\/v2\/tags\/?post=5704"}],"curies":[{"name":"wp","href":"https:\/\/api.w.org\/{rel}","templated":true}]}}